{"id":937,"date":"2024-03-09T10:06:00","date_gmt":"2024-03-09T08:06:00","guid":{"rendered":"https:\/\/mindtime.ro\/?p=937"},"modified":"2024-03-10T10:41:11","modified_gmt":"2024-03-10T08:41:11","slug":"10-martie-ziua-internationala-a-judecatoarelor","status":"publish","type":"post","link":"https:\/\/mindtime.ro\/index.php\/2024\/03\/09\/10-martie-ziua-internationala-a-judecatoarelor\/","title":{"rendered":"10 martie: Ziua Interna\u021bional\u0103 a Judec\u0103toarelor"},"content":{"rendered":"\n<p>Ziua Interna\u021bional\u0103 a Judec\u0103toarelor este s\u0103rb\u0103torit\u0103 anual la data de 10 martie. Scopul este de a celebra contribu\u021bia judec\u0103toarelor la justi\u021bie \u0219i drepturile femeilor.<\/p>\n\n\n\n<p> Aceast\u0103 zi a fost proclamat\u0103 pentru prima dat\u0103 de Asocia\u021bia Interna\u021bional\u0103 a Femeilor Judec\u0103tor \u00een 2012 pentru a atrage aten\u021bia asupra inegalit\u0103\u021bii de gen din sistemul judiciar \u0219i asupra provoc\u0103rilor cu care se confrunt\u0103 femeile judec\u0103toare \u00een \u00eendeplinirea atribu\u021biilor lor.<\/p>\n\n\n\n<p>Ziua Interna\u021bional\u0103 a Judec\u0103toarelor este o ocazie de a recunoa\u0219te contribu\u021biile semnificative ale judec\u0103toarelor \u00een aplicarea legii \u0219i de a atrage aten\u021bia asupra nevoii de a \u00eembun\u0103t\u0103\u021bi accesul femeilor la justi\u021bie \u0219i de a promova egalitatea de gen \u00een sistemul judiciar.<\/p>\n\n\n\n<p>Evenimentele asociate acestei zile includ conferin\u021be, seminarii \u0219i alte activit\u0103\u021bi organizate de organiza\u021biile de justi\u021bie \u0219i ale femeilor, care abordeaz\u0103 problemele de gen \u00een sistemul juridic \u0219i cele privind \u00eembun\u0103t\u0103\u021birea accesului femeilor la justi\u021bie.<\/p>\n\n\n\n<h5 class=\"wp-block-heading\">10 martie: Momente de amintit<\/h5>\n\n\n\n<p><strong>241 \u00ee.Hr<\/strong>.: Primul R\u0103zboi Punic: Victoria decisiv\u0103 a romanilor asupra Cartaginei \u00een b\u0103t\u0103lia de la Insulele Aegates pune cap\u0103t primului r\u0103zboi punic.<br><strong>1291<\/strong>: Rom\u00e2nii din Transilvania sunt men\u021biona\u021bi, pentru prima dat\u0103, ca participan\u021bi la Dieta special\u0103 convocat\u0103 de regele Ungariei, Andrei al III-lea, la Alba Iulia.<\/p>\n\n\n\n<p><strong>1833<\/strong>: Se naste, Dimitrie A. Sturdza-Micl\u0103u\u0219anu, istoric \u0219i om politic liberal.<br><strong>1835<\/strong>: Teodor Diamant, socialist utopic, pune bazele primului falanster de tip fourierist din Rom\u00e2nia, la Sc\u0103ieni, Jude\u021bul Prahova, intitulat Societatea agronomic\u0103 \u0219i manufacturier\u0103 sau Colonia so\u021bilor agronomi. Societatea a fost desfiin\u021bat\u0103 de autorit\u0103\u021bi un an mai t\u00e2rziu.<br><strong>1855<\/strong>: Se inaugureaz\u0103 linia telegrafic\u0103 Bucure\u0219ti-Giurgiu.<br><strong><em>1857<\/em><\/strong>: Apare, la Paris, apoi la Bucure\u0219ti, s\u0103pt\u0103m\u00e2nalul <strong><em>Buciumul<\/em><\/strong>, sub direc\u021bia lui Cezar Bolliac.<br><\/p>\n\n\n\n<p><strong>10 martie<\/strong> <strong>1871<\/strong>: Fa\u021b\u0103 de continuarea manifest\u0103rilor antigermane, Carol I convoac\u0103 guvernul \u0219i ia hot\u0103r\u00e2rea de a p\u0103r\u0103si \u021bara chiar a doua zi. <\/p>\n\n\n\n<p>Renun\u021b\u0103 la ideea abdic\u0103rii cu condi\u021bia constituirii unui guvern care s\u0103 ob\u021bin\u0103 votarea bugetului \u0219i s\u0103 rezolve problema concesion\u0103rii c\u0103ilor ferate. Guvernul liberal condus de Ion Ghica demisioneaz\u0103. Lasc\u0103r Catargiu \u00ee\u0219i ia r\u0103spunderea noului guvern.<\/p>\n\n\n\n<p><br><strong>1876:<\/strong> Alexander Graham Bell a f\u0103cut cu succes primul apel telefonic, spun\u00e2nd &#8222;<em><strong>Domnule Watson, vino aici; am nevoie de tine&#8221;.<\/strong><\/em><br><strong>1906:<\/strong> Are loc catastrofa minier\u0103 de la Courrieres, Lens (Fran\u021ba). A fost soldat\u0103 cu moartea a 2.000 de mineri.<\/p>\n\n\n\n<p><strong>1920<\/strong>: Sf\u00e2ntul Sinod al Bisericii Ortodoxe Rom\u00e2ne hot\u0103r\u0103\u0219te ca \u00een Ziua \u00cen\u0103l\u021b\u0103rii Domnului s\u0103 se oficieze slujba parastasului \u0219i pomenirea eroilor \u00een toat\u0103 \u021bara. Pomenirea eroilor va fi interzis\u0103 din 1948.<br><strong>1927:<\/strong> A fost \u00eenfiin\u021bat\u0103 Societatea de Chimie. P\u00e2n\u0103 la aceast\u0103 dat\u0103, a func\u021bionat ca sec\u021bie a Societ\u0103\u021bii Rom\u00e2ne de \u0218tiin\u021b\u0103.<\/p>\n\n\n\n<h5 class=\"wp-block-heading\">10 martie <strong>1929<\/strong>: Se naste, Lucre\u021bia Dumitra\u0219cu Filioreanu, sculptori\u021b\u0103 rom\u00e2n\u0103.<\/h5>\n\n\n\n<p>Lucre\u021bia Dumitra\u0219cu Filioreanu  a fost o sculptori\u021b\u0103 rom\u00e2n\u0103 cunoscut\u0103 pentru crea\u021biile sale \u00een bronz \u0219i piatr\u0103.<\/p>\n\n\n\n<p>Dup\u0103 absolvirea Institutului de Arte Plastice \u201eNicolae Grigorescu\u201d din Bucure\u0219ti \u00een 1957, artista \u0219i-a \u00eenceput cariera de sculptori\u021b\u0103 \u0219i a devenit cunoscut\u0103 pentru lucr\u0103rile sale \u00een bronz \u0219i piatr\u0103. A creat o serie de sculpturi monumentale \u00een spa\u021bii publice, cum ar fi bustul lui George Enescu din fa\u021ba Ateneului Rom\u00e2n \u0219i monumentul lui Alexandru Ioan Cuza din Pia\u021ba Universit\u0103\u021bii din Bucure\u0219ti.<\/p>\n\n\n\n<p>Printre celelalte lucr\u0103ri ale sale se num\u0103r\u0103 bustul regelui Mihai I \u0219i sculpturile decorative ale Palatului Parlamentului din Bucure\u0219ti. De-a lungul carierei sale a primit numeroase premii \u0219i distinc\u021bii, inclusiv titlul de Artist Emerit \u0219i Ordinul Meritul Cultural.<\/p>\n\n\n\n<p>Lucre\u021bia Dumitra\u0219cu Filioreanu a murit la Bucure\u0219ti \u00een februarie 2013. A l\u0103sat \u00een urm\u0103 o mo\u0219tenire artistic\u0103 important\u0103 \u00een sculptura rom\u00e2neasc\u0103.<\/p>\n\n\n\n<p><strong>1940:<\/strong> Se naste, Chuck Norris, actor american.<\/p>\n\n\n\n<p><strong>1941<\/strong>: Se naste, Teodor Mele\u0219canu, om politic rom\u00e2n.<br><strong>10 martie 1945: <\/strong>Bombardiere americane arunc\u0103 aproape 2.000 de tone de bombe incendiare asupra ora\u0219ului japonez Tokyo, distrug\u00e2nd mari p\u0103r\u021bi din capitala Japoniei \u0219i ucig\u00e2nd 100.000 de civili.<\/p>\n\n\n\n<p><strong>1958:<\/strong> Se naste, Sharon Stone, actri\u021b\u0103 american\u0103.<br><strong>1974<\/strong>: Echipa de handbal masculin a Rom\u00e2niei a c\u00e2\u0219tigat campionatul mondial dup\u0103 ce a \u00eenvins \u00een final\u0103 echipa RDG-ului cu scorul de 14 &#8211; 12 \u0219i a devenit pentru a patra oar\u0103 campioan\u0103 mondial\u0103.<\/p>\n\n\n\n<p class=\"has-background\" style=\"background:linear-gradient(5deg,rgb(6,147,227) 0%,rgb(227,193,193) 65%,rgb(155,81,224) 100%)\"><a href=\"http:\/\/radio.enjoychat.net:8024\/\">http:\/\/radio.enjoychat.net:8024\/<\/a>                 <strong>by LaneyC<\/strong><br><\/p>\n","protected":false},"excerpt":{"rendered":"<p>Ziua Interna\u021bional\u0103 a Judec\u0103toarelor este s\u0103rb\u0103torit\u0103 anual la data de 10 martie. Scopul este de a celebra contribu\u021bia judec\u0103toarelor la justi\u021bie \u0219i drepturile femeilor. Aceast\u0103 zi a fost proclamat\u0103 pentru prima dat\u0103 de Asocia\u021bia Interna\u021bional\u0103 a Femeilor Judec\u0103tor \u00een 2012 pentru a atrage aten\u021bia asupra inegalit\u0103\u021bii de gen din sistemul judiciar \u0219i asupra provoc\u0103rilor cu &hellip; <a href=\"https:\/\/mindtime.ro\/index.php\/2024\/03\/09\/10-martie-ziua-internationala-a-judecatoarelor\/\" class=\"more-link\">Continue reading <span class=\"screen-reader-text\">10 martie: Ziua Interna\u021bional\u0103 a Judec\u0103toarelor<\/span><\/a><\/p>\n","protected":false},"author":3,"featured_media":953,"comment_status":"open","ping_status":"open","sticky":true,"template":"","format":"standard","meta":{"footnotes":""},"categories":[10],"tags":[143,145,144],"class_list":["post-937","post","type-post","status-publish","format-standard","has-post-thumbnail","hentry","category-calendar","tag-10-martie","tag-justitia","tag-ziua-judecatoarelor"],"yoast_head":"<!-- This site is optimized with the Yoast SEO plugin v27.5 - https:\/\/yoast.com\/product\/yoast-seo-wordpress\/ -->\n<title>10 martie: Ziua Interna\u021bional\u0103 a Judec\u0103toarelor - Mind Time<\/title>\n<meta name=\"description\" content=\"10 martie: Ziua Interna\u021bional\u0103 a Judec\u0103toarelor -pentru a celebra contribu\u021bia judec\u0103toarelor la justi\u021bie \u0219i drepturile femeilor.\" \/>\n<meta name=\"robots\" content=\"index, follow, max-snippet:-1, max-image-preview:large, max-video-preview:-1\" \/>\n<link rel=\"canonical\" href=\"https:\/\/mindtime.ro\/index.php\/2024\/03\/09\/10-martie-ziua-internationala-a-judecatoarelor\/\" \/>\n<meta property=\"og:locale\" content=\"ro_RO\" \/>\n<meta property=\"og:type\" content=\"article\" \/>\n<meta property=\"og:title\" content=\"10 martie: Ziua Interna\u021bional\u0103 a Judec\u0103toarelor - Mind Time\" \/>\n<meta property=\"og:description\" content=\"10 martie: Ziua Interna\u021bional\u0103 a Judec\u0103toarelor -pentru a celebra contribu\u021bia judec\u0103toarelor la justi\u021bie \u0219i drepturile femeilor.\" \/>\n<meta property=\"og:url\" content=\"https:\/\/mindtime.ro\/index.php\/2024\/03\/09\/10-martie-ziua-internationala-a-judecatoarelor\/\" \/>\n<meta property=\"og:site_name\" content=\"Mind Time\" \/>\n<meta property=\"article:published_time\" content=\"2024-03-09T08:06:00+00:00\" \/>\n<meta property=\"article:modified_time\" content=\"2024-03-10T08:41:11+00:00\" \/>\n<meta property=\"og:image\" content=\"https:\/\/mindtime.ro\/wp-content\/uploads\/2023\/03\/justitia-2597016_640-e1678349052538.jpg\" \/>\n\t<meta property=\"og:image:width\" content=\"338\" \/>\n\t<meta property=\"og:image:height\" content=\"322\" \/>\n\t<meta property=\"og:image:type\" content=\"image\/jpeg\" \/>\n<meta name=\"author\" content=\"LaneyC\" \/>\n<meta name=\"twitter:card\" content=\"summary_large_image\" \/>\n<meta name=\"twitter:label1\" content=\"Scris de\" \/>\n\t<meta name=\"twitter:data1\" content=\"LaneyC\" \/>\n\t<meta name=\"twitter:label2\" content=\"Timp estimat pentru citire\" \/>\n\t<meta name=\"twitter:data2\" content=\"4 minute\" \/>\n<script type=\"application\/ld+json\" class=\"yoast-schema-graph\">{\"@context\":\"https:\\\/\\\/schema.org\",\"@graph\":[{\"@type\":\"Article\",\"@id\":\"https:\\\/\\\/mindtime.ro\\\/index.php\\\/2024\\\/03\\\/09\\\/10-martie-ziua-internationala-a-judecatoarelor\\\/#article\",\"isPartOf\":{\"@id\":\"https:\\\/\\\/mindtime.ro\\\/index.php\\\/2024\\\/03\\\/09\\\/10-martie-ziua-internationala-a-judecatoarelor\\\/\"},\"author\":{\"name\":\"LaneyC\",\"@id\":\"https:\\\/\\\/mindtime.ro\\\/#\\\/schema\\\/person\\\/6efe0e4bfa5462ebd155232d6cc887a2\"},\"headline\":\"10 martie: Ziua Interna\u021bional\u0103 a Judec\u0103toarelor\",\"datePublished\":\"2024-03-09T08:06:00+00:00\",\"dateModified\":\"2024-03-10T08:41:11+00:00\",\"mainEntityOfPage\":{\"@id\":\"https:\\\/\\\/mindtime.ro\\\/index.php\\\/2024\\\/03\\\/09\\\/10-martie-ziua-internationala-a-judecatoarelor\\\/\"},\"wordCount\":734,\"commentCount\":0,\"image\":{\"@id\":\"https:\\\/\\\/mindtime.ro\\\/index.php\\\/2024\\\/03\\\/09\\\/10-martie-ziua-internationala-a-judecatoarelor\\\/#primaryimage\"},\"thumbnailUrl\":\"https:\\\/\\\/mindtime.ro\\\/wp-content\\\/uploads\\\/2023\\\/03\\\/justitia-2597016_640-e1678349052538.jpg\",\"keywords\":[\"10 martie\",\"Justitia\",\"Ziua Judecatoarelor\"],\"articleSection\":[\"Calendar\"],\"inLanguage\":\"ro-RO\",\"potentialAction\":[{\"@type\":\"CommentAction\",\"name\":\"Comment\",\"target\":[\"https:\\\/\\\/mindtime.ro\\\/index.php\\\/2024\\\/03\\\/09\\\/10-martie-ziua-internationala-a-judecatoarelor\\\/#respond\"]}]},{\"@type\":\"WebPage\",\"@id\":\"https:\\\/\\\/mindtime.ro\\\/index.php\\\/2024\\\/03\\\/09\\\/10-martie-ziua-internationala-a-judecatoarelor\\\/\",\"url\":\"https:\\\/\\\/mindtime.ro\\\/index.php\\\/2024\\\/03\\\/09\\\/10-martie-ziua-internationala-a-judecatoarelor\\\/\",\"name\":\"10 martie: Ziua Interna\u021bional\u0103 a Judec\u0103toarelor - Mind Time\",\"isPartOf\":{\"@id\":\"https:\\\/\\\/mindtime.ro\\\/#website\"},\"primaryImageOfPage\":{\"@id\":\"https:\\\/\\\/mindtime.ro\\\/index.php\\\/2024\\\/03\\\/09\\\/10-martie-ziua-internationala-a-judecatoarelor\\\/#primaryimage\"},\"image\":{\"@id\":\"https:\\\/\\\/mindtime.ro\\\/index.php\\\/2024\\\/03\\\/09\\\/10-martie-ziua-internationala-a-judecatoarelor\\\/#primaryimage\"},\"thumbnailUrl\":\"https:\\\/\\\/mindtime.ro\\\/wp-content\\\/uploads\\\/2023\\\/03\\\/justitia-2597016_640-e1678349052538.jpg\",\"datePublished\":\"2024-03-09T08:06:00+00:00\",\"dateModified\":\"2024-03-10T08:41:11+00:00\",\"author\":{\"@id\":\"https:\\\/\\\/mindtime.ro\\\/#\\\/schema\\\/person\\\/6efe0e4bfa5462ebd155232d6cc887a2\"},\"description\":\"10 martie: Ziua Interna\u021bional\u0103 a Judec\u0103toarelor -pentru a celebra contribu\u021bia judec\u0103toarelor la justi\u021bie \u0219i drepturile femeilor.\",\"breadcrumb\":{\"@id\":\"https:\\\/\\\/mindtime.ro\\\/index.php\\\/2024\\\/03\\\/09\\\/10-martie-ziua-internationala-a-judecatoarelor\\\/#breadcrumb\"},\"inLanguage\":\"ro-RO\",\"potentialAction\":[{\"@type\":\"ReadAction\",\"target\":[\"https:\\\/\\\/mindtime.ro\\\/index.php\\\/2024\\\/03\\\/09\\\/10-martie-ziua-internationala-a-judecatoarelor\\\/\"]}]},{\"@type\":\"ImageObject\",\"inLanguage\":\"ro-RO\",\"@id\":\"https:\\\/\\\/mindtime.ro\\\/index.php\\\/2024\\\/03\\\/09\\\/10-martie-ziua-internationala-a-judecatoarelor\\\/#primaryimage\",\"url\":\"https:\\\/\\\/mindtime.ro\\\/wp-content\\\/uploads\\\/2023\\\/03\\\/justitia-2597016_640-e1678349052538.jpg\",\"contentUrl\":\"https:\\\/\\\/mindtime.ro\\\/wp-content\\\/uploads\\\/2023\\\/03\\\/justitia-2597016_640-e1678349052538.jpg\",\"width\":338,\"height\":322},{\"@type\":\"BreadcrumbList\",\"@id\":\"https:\\\/\\\/mindtime.ro\\\/index.php\\\/2024\\\/03\\\/09\\\/10-martie-ziua-internationala-a-judecatoarelor\\\/#breadcrumb\",\"itemListElement\":[{\"@type\":\"ListItem\",\"position\":1,\"name\":\"Prima pagin\u0103\",\"item\":\"https:\\\/\\\/mindtime.ro\\\/\"},{\"@type\":\"ListItem\",\"position\":2,\"name\":\"10 martie: Ziua Interna\u021bional\u0103 a Judec\u0103toarelor\"}]},{\"@type\":\"WebSite\",\"@id\":\"https:\\\/\\\/mindtime.ro\\\/#website\",\"url\":\"https:\\\/\\\/mindtime.ro\\\/\",\"name\":\"Mind Time\",\"description\":\"Relaxeaza-ti mintea !\",\"potentialAction\":[{\"@type\":\"SearchAction\",\"target\":{\"@type\":\"EntryPoint\",\"urlTemplate\":\"https:\\\/\\\/mindtime.ro\\\/?s={search_term_string}\"},\"query-input\":{\"@type\":\"PropertyValueSpecification\",\"valueRequired\":true,\"valueName\":\"search_term_string\"}}],\"inLanguage\":\"ro-RO\"},{\"@type\":\"Person\",\"@id\":\"https:\\\/\\\/mindtime.ro\\\/#\\\/schema\\\/person\\\/6efe0e4bfa5462ebd155232d6cc887a2\",\"name\":\"LaneyC\",\"image\":{\"@type\":\"ImageObject\",\"inLanguage\":\"ro-RO\",\"@id\":\"https:\\\/\\\/secure.gravatar.com\\\/avatar\\\/788abfddfb766c27a3406096a0f747b84cea126b13e84ba5cb61a96666f64663?s=96&d=mm&r=g\",\"url\":\"https:\\\/\\\/secure.gravatar.com\\\/avatar\\\/788abfddfb766c27a3406096a0f747b84cea126b13e84ba5cb61a96666f64663?s=96&d=mm&r=g\",\"contentUrl\":\"https:\\\/\\\/secure.gravatar.com\\\/avatar\\\/788abfddfb766c27a3406096a0f747b84cea126b13e84ba5cb61a96666f64663?s=96&d=mm&r=g\",\"caption\":\"LaneyC\"},\"sameAs\":[\"https:\\\/\\\/mindtime.ro\"],\"url\":\"https:\\\/\\\/mindtime.ro\\\/index.php\\\/author\\\/admin-2\\\/\"}]}<\/script>\n<!-- \/ Yoast SEO plugin. -->","yoast_head_json":{"title":"10 martie: Ziua Interna\u021bional\u0103 a Judec\u0103toarelor - Mind Time","description":"10 martie: Ziua Interna\u021bional\u0103 a Judec\u0103toarelor -pentru a celebra contribu\u021bia judec\u0103toarelor la justi\u021bie \u0219i drepturile femeilor.","robots":{"index":"index","follow":"follow","max-snippet":"max-snippet:-1","max-image-preview":"max-image-preview:large","max-video-preview":"max-video-preview:-1"},"canonical":"https:\/\/mindtime.ro\/index.php\/2024\/03\/09\/10-martie-ziua-internationala-a-judecatoarelor\/","og_locale":"ro_RO","og_type":"article","og_title":"10 martie: Ziua Interna\u021bional\u0103 a Judec\u0103toarelor - Mind Time","og_description":"10 martie: Ziua Interna\u021bional\u0103 a Judec\u0103toarelor -pentru a celebra contribu\u021bia judec\u0103toarelor la justi\u021bie \u0219i drepturile femeilor.","og_url":"https:\/\/mindtime.ro\/index.php\/2024\/03\/09\/10-martie-ziua-internationala-a-judecatoarelor\/","og_site_name":"Mind Time","article_published_time":"2024-03-09T08:06:00+00:00","article_modified_time":"2024-03-10T08:41:11+00:00","og_image":[{"width":338,"height":322,"url":"https:\/\/mindtime.ro\/wp-content\/uploads\/2023\/03\/justitia-2597016_640-e1678349052538.jpg","type":"image\/jpeg"}],"author":"LaneyC","twitter_card":"summary_large_image","twitter_misc":{"Scris de":"LaneyC","Timp estimat pentru citire":"4 minute"},"schema":{"@context":"https:\/\/schema.org","@graph":[{"@type":"Article","@id":"https:\/\/mindtime.ro\/index.php\/2024\/03\/09\/10-martie-ziua-internationala-a-judecatoarelor\/#article","isPartOf":{"@id":"https:\/\/mindtime.ro\/index.php\/2024\/03\/09\/10-martie-ziua-internationala-a-judecatoarelor\/"},"author":{"name":"LaneyC","@id":"https:\/\/mindtime.ro\/#\/schema\/person\/6efe0e4bfa5462ebd155232d6cc887a2"},"headline":"10 martie: Ziua Interna\u021bional\u0103 a Judec\u0103toarelor","datePublished":"2024-03-09T08:06:00+00:00","dateModified":"2024-03-10T08:41:11+00:00","mainEntityOfPage":{"@id":"https:\/\/mindtime.ro\/index.php\/2024\/03\/09\/10-martie-ziua-internationala-a-judecatoarelor\/"},"wordCount":734,"commentCount":0,"image":{"@id":"https:\/\/mindtime.ro\/index.php\/2024\/03\/09\/10-martie-ziua-internationala-a-judecatoarelor\/#primaryimage"},"thumbnailUrl":"https:\/\/mindtime.ro\/wp-content\/uploads\/2023\/03\/justitia-2597016_640-e1678349052538.jpg","keywords":["10 martie","Justitia","Ziua Judecatoarelor"],"articleSection":["Calendar"],"inLanguage":"ro-RO","potentialAction":[{"@type":"CommentAction","name":"Comment","target":["https:\/\/mindtime.ro\/index.php\/2024\/03\/09\/10-martie-ziua-internationala-a-judecatoarelor\/#respond"]}]},{"@type":"WebPage","@id":"https:\/\/mindtime.ro\/index.php\/2024\/03\/09\/10-martie-ziua-internationala-a-judecatoarelor\/","url":"https:\/\/mindtime.ro\/index.php\/2024\/03\/09\/10-martie-ziua-internationala-a-judecatoarelor\/","name":"10 martie: Ziua Interna\u021bional\u0103 a Judec\u0103toarelor - Mind Time","isPartOf":{"@id":"https:\/\/mindtime.ro\/#website"},"primaryImageOfPage":{"@id":"https:\/\/mindtime.ro\/index.php\/2024\/03\/09\/10-martie-ziua-internationala-a-judecatoarelor\/#primaryimage"},"image":{"@id":"https:\/\/mindtime.ro\/index.php\/2024\/03\/09\/10-martie-ziua-internationala-a-judecatoarelor\/#primaryimage"},"thumbnailUrl":"https:\/\/mindtime.ro\/wp-content\/uploads\/2023\/03\/justitia-2597016_640-e1678349052538.jpg","datePublished":"2024-03-09T08:06:00+00:00","dateModified":"2024-03-10T08:41:11+00:00","author":{"@id":"https:\/\/mindtime.ro\/#\/schema\/person\/6efe0e4bfa5462ebd155232d6cc887a2"},"description":"10 martie: Ziua Interna\u021bional\u0103 a Judec\u0103toarelor -pentru a celebra contribu\u021bia judec\u0103toarelor la justi\u021bie \u0219i drepturile femeilor.","breadcrumb":{"@id":"https:\/\/mindtime.ro\/index.php\/2024\/03\/09\/10-martie-ziua-internationala-a-judecatoarelor\/#breadcrumb"},"inLanguage":"ro-RO","potentialAction":[{"@type":"ReadAction","target":["https:\/\/mindtime.ro\/index.php\/2024\/03\/09\/10-martie-ziua-internationala-a-judecatoarelor\/"]}]},{"@type":"ImageObject","inLanguage":"ro-RO","@id":"https:\/\/mindtime.ro\/index.php\/2024\/03\/09\/10-martie-ziua-internationala-a-judecatoarelor\/#primaryimage","url":"https:\/\/mindtime.ro\/wp-content\/uploads\/2023\/03\/justitia-2597016_640-e1678349052538.jpg","contentUrl":"https:\/\/mindtime.ro\/wp-content\/uploads\/2023\/03\/justitia-2597016_640-e1678349052538.jpg","width":338,"height":322},{"@type":"BreadcrumbList","@id":"https:\/\/mindtime.ro\/index.php\/2024\/03\/09\/10-martie-ziua-internationala-a-judecatoarelor\/#breadcrumb","itemListElement":[{"@type":"ListItem","position":1,"name":"Prima pagin\u0103","item":"https:\/\/mindtime.ro\/"},{"@type":"ListItem","position":2,"name":"10 martie: Ziua Interna\u021bional\u0103 a Judec\u0103toarelor"}]},{"@type":"WebSite","@id":"https:\/\/mindtime.ro\/#website","url":"https:\/\/mindtime.ro\/","name":"Mind Time","description":"Relaxeaza-ti mintea !","potentialAction":[{"@type":"SearchAction","target":{"@type":"EntryPoint","urlTemplate":"https:\/\/mindtime.ro\/?s={search_term_string}"},"query-input":{"@type":"PropertyValueSpecification","valueRequired":true,"valueName":"search_term_string"}}],"inLanguage":"ro-RO"},{"@type":"Person","@id":"https:\/\/mindtime.ro\/#\/schema\/person\/6efe0e4bfa5462ebd155232d6cc887a2","name":"LaneyC","image":{"@type":"ImageObject","inLanguage":"ro-RO","@id":"https:\/\/secure.gravatar.com\/avatar\/788abfddfb766c27a3406096a0f747b84cea126b13e84ba5cb61a96666f64663?s=96&d=mm&r=g","url":"https:\/\/secure.gravatar.com\/avatar\/788abfddfb766c27a3406096a0f747b84cea126b13e84ba5cb61a96666f64663?s=96&d=mm&r=g","contentUrl":"https:\/\/secure.gravatar.com\/avatar\/788abfddfb766c27a3406096a0f747b84cea126b13e84ba5cb61a96666f64663?s=96&d=mm&r=g","caption":"LaneyC"},"sameAs":["https:\/\/mindtime.ro"],"url":"https:\/\/mindtime.ro\/index.php\/author\/admin-2\/"}]}},"_links":{"self":[{"href":"https:\/\/mindtime.ro\/index.php\/wp-json\/wp\/v2\/posts\/937","targetHints":{"allow":["GET"]}}],"collection":[{"href":"https:\/\/mindtime.ro\/index.php\/wp-json\/wp\/v2\/posts"}],"about":[{"href":"https:\/\/mindtime.ro\/index.php\/wp-json\/wp\/v2\/types\/post"}],"author":[{"embeddable":true,"href":"https:\/\/mindtime.ro\/index.php\/wp-json\/wp\/v2\/users\/3"}],"replies":[{"embeddable":true,"href":"https:\/\/mindtime.ro\/index.php\/wp-json\/wp\/v2\/comments?post=937"}],"version-history":[{"count":15,"href":"https:\/\/mindtime.ro\/index.php\/wp-json\/wp\/v2\/posts\/937\/revisions"}],"predecessor-version":[{"id":952,"href":"https:\/\/mindtime.ro\/index.php\/wp-json\/wp\/v2\/posts\/937\/revisions\/952"}],"wp:featuredmedia":[{"embeddable":true,"href":"https:\/\/mindtime.ro\/index.php\/wp-json\/wp\/v2\/media\/953"}],"wp:attachment":[{"href":"https:\/\/mindtime.ro\/index.php\/wp-json\/wp\/v2\/media?parent=937"}],"wp:term":[{"taxonomy":"category","embeddable":true,"href":"https:\/\/mindtime.ro\/index.php\/wp-json\/wp\/v2\/categories?post=937"},{"taxonomy":"post_tag","embeddable":true,"href":"https:\/\/mindtime.ro\/index.php\/wp-json\/wp\/v2\/tags?post=937"}],"curies":[{"name":"wp","href":"https:\/\/api.w.org\/{rel}","templated":true}]}}