{"id":923,"date":"2024-03-08T19:44:47","date_gmt":"2024-03-08T17:44:47","guid":{"rendered":"https:\/\/mindtime.ro\/?p=923"},"modified":"2024-03-08T19:44:48","modified_gmt":"2024-03-08T17:44:48","slug":"9-martie-sfintii-mucenici-din-sevastia","status":"publish","type":"post","link":"https:\/\/mindtime.ro\/index.php\/2024\/03\/08\/9-martie-sfintii-mucenici-din-sevastia\/","title":{"rendered":"9 martie: Sfin\u021bii Mucenici din Sevastia"},"content":{"rendered":"\n<p>Sfin\u021bii Mucenici din Sevastia sunt un grup de 40 de cre\u0219tini care au fost martiriza\u021bi pentru credin\u021ba lor \u00een timpul domniei \u00eemp\u0103ratului roman Licinius, \u00een secolul al IV-lea. Potrivit tradi\u021biei, ace\u0219ti sfin\u021bi au fost solda\u021bi \u00een armata roman\u0103 \u0219i au fost supu\u0219i la torturi groaznice \u0219i la moarte prin decapitare pentru c\u0103 nu au vrut s\u0103 renun\u021be la credin\u021ba lor cre\u0219tin\u0103. Potrivit lui Vasile cel Mare, cei patruzeci de mucenici erau solda\u021bi cre\u0219tini din Capadocia, afla\u021bi \u00een slujba \u00eemp\u0103ratului roman Licinius (308-324).<\/p>\n\n\n\n<p> Legiunea lor era deta\u0219at\u0103 \u00een anul 320 \u00een cetatea Sevastia. Trei dintre ei, Chirion, Candid \u0219i Domnos, erau foarte pricepu\u021bi \u00een studiul Scripturilor. \u00cen ciuda faptului c\u0103 \u00eemp\u0103ra\u021bii Constantin cel Mare \u0219i Licinius emiseser\u0103 \u00een anul 313 Edictul de la Milan prin care practicarea cre\u0219tinismului era permis\u0103, conflictul izbucnit ulterior \u00eentre cei doi \u00eemp\u0103ra\u021bi l-a determinat pe Licinius s\u0103 ini\u021bieze o persecu\u021bie anticre\u0219tin\u0103 \u00een provinciile din estul imperiului, care se aflau \u00een jurisdic\u021bia sa.<\/p>\n\n\n\n<p>Cei patruzeci de solda\u021bi cre\u0219tini au fost \u00eendemna\u021bi de Agricolae, prefectul Armeniei Inferior, s\u0103 aduc\u0103 jertfe zeilor romani \u0219i au refuzat s\u0103 intre \u00een templu, m\u0103rturisind \u00een mod deschis c\u0103 sunt cre\u0219tini. <\/p>\n\n\n\n<p>Dup\u0103 ce au fost \u00eentemni\u021ba\u021bi timp de 8 zile, b\u0103tu\u021bi cu pietre \u0219i ademeni\u021bi cu daruri, ei au fost adu\u0219i pe marginea unui lac de la marginea ora\u0219ului Sevastia.<\/p>\n\n\n\n<h5 class=\"wp-block-heading\"> Intr-o noapte foarte friguroas\u0103, \u0219i au fost arunca\u021bi dezbr\u0103ca\u021bi \u00een apa \u00eenghe\u021bat\u0103 a lacului pentru a muri de frig.<\/h5>\n\n\n\n<p> Persecutorii au preg\u0103tit pe mal o baie cald\u0103 pentru cei care ar fi declarat c\u0103 renun\u021b\u0103 la cre\u0219tinism. Unul dintre cei patruzeci de solda\u021bi nu a mai putut \u00eendura frigul n\u0103praznic \u0219i a acceptat s\u0103 aduc\u0103 ofrande zeilor romani, dar a murit imediat dup\u0103 ce a ie\u0219it din lacul \u00eenghe\u021bat \u0219i a intrat \u00een baia cald\u0103.<\/p>\n\n\n\n<p> Unul dintre gardieni, pe nume Aglaius, care veghea martiriul solda\u021bilor a v\u0103zut deodat\u0103 o lumin\u0103 supranatural\u0103 care-l cople\u0219ea \u0219i s-a proclamat cre\u0219tin. El s-a dezbr\u0103cat \u0219i a intrat \u00een apele lacului, al\u0103tur\u00e2ndu-se celor treizeci \u0219i nou\u0103 de oameni r\u0103ma\u0219i. Num\u0103rul mucenicilor a r\u0103mas astfel patruzeci.<\/p>\n\n\n\n<h5 class=\"wp-block-heading\">\u00cen aceea noapte s-au petrecut mari minuni: apa lacului s-a \u00eenc\u0103lzit, ghea\u021ba s-a topit \u0219i 40 de cununi str\u0103lucitoare au pogor\u00e2t asupra mucenicilor.<\/h5>\n\n\n\n<p> \u00cen zorii zilei cei patruzeci de solda\u021bi au fost sco\u0219i vii din lac, li s-au zdrobit fluierele picioarelor \u0219i au fost l\u0103sa\u021bi s\u0103 agonizeze p\u00e2n\u0103 ce au murit. Trupurile lor au fost arse \u0219i cenu\u0219a aruncat\u0103 \u00een lac. <\/p>\n\n\n\n<p>Sfin\u021bii Mucenici din Sevastia sunt cinsti\u021bi de Biserica Ortodox\u0103 \u00een fiecare an la data de 9 martie, c\u00e2nd se celebreaz\u0103 s\u0103rb\u0103toarea lor. Aceast\u0103 s\u0103rb\u0103toare este considerat\u0103 a fi una dintre cele mai importante s\u0103rb\u0103tori ale Bisericii \u0219i este prilej de rug\u0103ciune \u0219i medita\u021bie pentru credincio\u0219i.<\/p>\n\n\n\n<h5 class=\"wp-block-heading\">S\u0103rb\u0103toarea &#8222;40 de Sfin\u021bi&#8221; sau &#8222;Sfin\u021bii Mucenici din Sevastia&#8221; este celebrat\u0103 \u00een Rom\u00e2nia \u00een fiecare an pe 9 martie. <\/h5>\n\n\n\n<p>Aceast\u0103 s\u0103rb\u0103toare are o importan\u021b\u0103 deosebit\u0103 \u00een tradi\u021bia religioas\u0103 ortodox\u0103 \u0219i este marcat\u0103 printr-o serie de obiceiuri \u0219i tradi\u021bii.<\/p>\n\n\n\n<p>Iat\u0103 c\u00e2teva dintre obiceiurile \u0219i tradi\u021biile asociate cu s\u0103rb\u0103toarea &#8222;40 de Sfin\u021bi&#8221; din Rom\u00e2nia:<\/p>\n\n\n\n<p>Credin\u021ba popular\u0103 spune c\u0103 \u00een aceast\u0103 zi, p\u0103m\u00e2ntul este hr\u0103nit de sfin\u021bii care au postit timp de 40 de zile \u00eenaintea martiriz\u0103rii lor. De aceea, este considerat un moment favorabil pentru a \u00eencepe lucr\u0103rile agricole, sem\u0103natul \u0219i plantatul de legume.<\/p>\n\n\n\n<p>\u00cen unele regiuni, se aprind focuri de tab\u0103r\u0103, iar tinerii sar peste ele pentru a fi proteja\u021bi de boli \u0219i pentru a-\u0219i men\u021bine s\u0103n\u0103tatea.<\/p>\n\n\n\n<p>\u00cen multe sate, se organizeaz\u0103 procesiuni \u0219i parade cu icoane \u0219i steaguri ale sfin\u021bilor.<\/p>\n\n\n\n<p>Se spune c\u0103 \u00een aceast\u0103 zi este bine s\u0103 faci fapte bune \u0219i s\u0103 ajuti pe cei nevoia\u0219i, pentru a fi protejat de r\u0103ul \u0219i necazurile din via\u021b\u0103.<\/p>\n\n\n\n<p>Pe 9 Martie, gospodinele fac, \u00een cinstea Sfin\u021bilor Mucenici, 40 de colaci numi\u021bi \u201emucenici\u201d sau \u201esfin\u021bi\u0219ori\u201d au forma cifrei 8 \u0219i sunt cop\u021bi din aluat \u0219i un\u0219i apoi cu nuc\u0103 \u0219i miere. \u00cen schimb, \u00een Muntenia \u0219i \u00een Dobrogea, se p\u0103streaz\u0103 forma cifrei 8, dar mucenicii sunt f\u0103cu\u021bi sub o alt\u0103 form\u0103. Ei sunt fier\u021bi \u00een ap\u0103 cu zah\u0103r, cu scor\u021bi\u0219oar\u0103 \u0219i nuc\u0103, simboliz\u00e2nd lacul \u00een care au fost arunca\u021bi Sfin\u021bii Mucenici.<\/p>\n\n\n\n<p>Mucenicii prepara\u021bi \u00een aceast\u0103 zi sunt sfin\u021bi\u021bi \u0219i \u00eemp\u0103r\u021bi\u021bi \u00een memoria celor deceda\u021bi.<\/p>\n\n\n\n<h5 class=\"wp-block-heading\">9 martie: Momente de amintit<\/h5>\n\n\n\n<p><strong>1454<\/strong>: Se naste, Amerigo Vespucci, explorator italian.<br><strong>1776<\/strong>: Este publicat\u0103 <em>Avu\u021bia na\u021biunilor<\/em> de economistul \u0219i filosoful sco\u021bian Adam Smith.<br><strong>1796:<\/strong> Napoleon Bonaparte se casatoreste cu Josephine de Beauharnais.<br><strong>1831<\/strong>: Este \u00eenfiin\u021bat\u0103 Legiunea francez\u0103 str\u0103in\u0103, de c\u0103tre regele Fran\u021bei Ludovic Filip I.<br><strong>1842<\/strong>: A treia oper\u0103 a lui Giuseppe Verdi, Nabucco, are premiera la Milano; succesul s\u0103u \u00eel stabile\u0219te pe Verdi drept unul dintre cei mai importan\u021bi compozitori de oper\u0103 din Italia.<\/p>\n\n\n\n<p><strong>1934<\/strong>: Se naste,  Iuri Gagarin, cosmonaut sovietic.<\/p>\n\n\n\n<p><strong>1942:<\/strong> Se naste, Ion Caramitru, actor de teatru \u0219i film, regizor \u0219i politician rom\u00e2n.<\/p>\n\n\n\n<p><strong>1944:<\/strong> Moare, Grigore Antipa, biolog rom\u00e2n.<br><strong>1945<\/strong>: Al Doilea R\u0103zboi Mondial: O lovitur\u0103 de stat a for\u021belor japoneze \u00een Indochina francez\u0103 \u00eei \u00eendep\u0103rteaz\u0103 pe francezi de la putere.<br><strong>1959:<\/strong> P\u0103pu\u0219a Barbie \u00ee\u0219i face debutul la Salonul de juc\u0103rii de la New York.<\/p>\n\n\n\n<h5 class=\"wp-block-heading\"><strong>1961<\/strong>: Moare, Cezar Petrescu, scriitor rom\u00e2n.<\/h5>\n\n\n\n<p><strong>1961:<\/strong> Este lansat cu succes Sputnik 9 care are la bord un c\u00e2ine.<br><strong>1967<\/strong>: Svetlana Allilueva, fiica lui Stalin, s-a refugiat \u00een SUA via ambasada american\u0103 din India.<\/p>\n\n\n\n<p><strong>1971<\/strong>: Moare, Ion I. Ag\u00e2rbiceanu, fizician rom\u00e2n, membru corespondent al Academiei Rom\u00e2ne.<br><strong>1976<\/strong>: Patruzeci \u0219i dou\u0103 de persoane mor \u00een dezastrul telecabinei Cavalese, cel mai grav accident de telecabin\u0103 p\u00e2n\u0103 \u00een prezent.<br><strong>1987<\/strong>: Trupa rock U2 lanseaz\u0103 albumul The Joshua Tree.<br><strong>1991<\/strong>: <strong><em>Noul Tratat al Uniunii Europene a pus bazele conceptului de moned\u0103 unic\u0103 <\/em><\/strong>(EURO, care a intrat \u00een folosin\u021b\u0103 \u00een prima zi a anului 2002).<br><strong>1991<\/strong>: La Belgrad, au loc demonstra\u021bii masive \u00eempotriva lui Slobodan Milo\u0161evi\u0107. Doi oameni sunt uci\u0219i iar tancurile sunt pe str\u0103zi.<br><strong>1997<\/strong>: Cometa Hale-Bopp \u2013 Observatorii din China, Mongolia \u0219i Siberia de Est sunt trata\u021bi cu o caracteristic\u0103 dubl\u0103 rar\u0103, deoarece o eclips\u0103 permite ca Hale-Bopp s\u0103 fie v\u0103zut\u0103 \u00een timpul zilei.<\/p>\n\n\n\n<p><strong>2006<\/strong>: Moare, Laura Stoica, c\u00e2nt\u0103rea\u021b\u0103 rom\u00e2n\u0103.<br><strong>2011: <\/strong>Are loc ultima aterizare pentru Naveta spa\u021bial\u0103 Discovery care \u00ee\u0219i \u00eenceteaz\u0103 activitatea dup\u0103 39 de zboruri.<\/p>\n\n\n\n<p class=\"has-background\" style=\"background:linear-gradient(135deg,rgb(6,147,227) 0%,rgb(237,237,225) 61%,rgb(155,81,224) 100%)\"><a href=\"http:\/\/radio.enjoychat.net:8024\/\">http:\/\/radio.enjoychat.net:8024\/<\/a>            by LaneyC<\/p>\n","protected":false},"excerpt":{"rendered":"<p>Sfin\u021bii Mucenici din Sevastia sunt un grup de 40 de cre\u0219tini care au fost martiriza\u021bi pentru credin\u021ba lor \u00een timpul domniei \u00eemp\u0103ratului roman Licinius, \u00een secolul al IV-lea. Potrivit tradi\u021biei, ace\u0219ti sfin\u021bi au fost solda\u021bi \u00een armata roman\u0103 \u0219i au fost supu\u0219i la torturi groaznice \u0219i la moarte prin decapitare pentru c\u0103 nu au vrut &hellip; <a href=\"https:\/\/mindtime.ro\/index.php\/2024\/03\/08\/9-martie-sfintii-mucenici-din-sevastia\/\" class=\"more-link\">Continue reading <span class=\"screen-reader-text\">9 martie: Sfin\u021bii Mucenici din Sevastia<\/span><\/a><\/p>\n","protected":false},"author":3,"featured_media":936,"comment_status":"open","ping_status":"open","sticky":true,"template":"","format":"standard","meta":{"footnotes":""},"categories":[10],"tags":[141,140,142,139],"class_list":["post-923","post","type-post","status-publish","format-standard","has-post-thumbnail","hentry","category-calendar","tag-40-de-mucenici","tag-40-de-sfinti","tag-9-martie","tag-sevastia"],"yoast_head":"<!-- This site is optimized with the Yoast SEO plugin v27.5 - https:\/\/yoast.com\/product\/yoast-seo-wordpress\/ -->\n<title>9 martie: Sfin\u021bii Mucenici din Sevastia - Mind Time<\/title>\n<meta name=\"description\" content=\"9 martie: Sfin\u021bii Mucenici din Sevastia un grup de 40 de cre\u0219tini care au fost martiriza\u021bi pentru credin\u021ba lor.\" \/>\n<meta name=\"robots\" content=\"index, follow, max-snippet:-1, max-image-preview:large, max-video-preview:-1\" \/>\n<link rel=\"canonical\" href=\"https:\/\/mindtime.ro\/index.php\/2024\/03\/08\/9-martie-sfintii-mucenici-din-sevastia\/\" \/>\n<meta property=\"og:locale\" content=\"ro_RO\" \/>\n<meta property=\"og:type\" content=\"article\" \/>\n<meta property=\"og:title\" content=\"9 martie: Sfin\u021bii Mucenici din Sevastia - Mind Time\" \/>\n<meta property=\"og:description\" content=\"9 martie: Sfin\u021bii Mucenici din Sevastia un grup de 40 de cre\u0219tini care au fost martiriza\u021bi pentru credin\u021ba lor.\" \/>\n<meta property=\"og:url\" content=\"https:\/\/mindtime.ro\/index.php\/2024\/03\/08\/9-martie-sfintii-mucenici-din-sevastia\/\" \/>\n<meta property=\"og:site_name\" content=\"Mind Time\" \/>\n<meta property=\"article:published_time\" content=\"2024-03-08T17:44:47+00:00\" \/>\n<meta property=\"article:modified_time\" content=\"2024-03-08T17:44:48+00:00\" \/>\n<meta property=\"og:image\" content=\"https:\/\/mindtime.ro\/wp-content\/uploads\/2023\/03\/Capture.jpg\" \/>\n\t<meta property=\"og:image:width\" content=\"497\" \/>\n\t<meta property=\"og:image:height\" content=\"309\" \/>\n\t<meta property=\"og:image:type\" content=\"image\/jpeg\" \/>\n<meta name=\"author\" content=\"LaneyC\" \/>\n<meta name=\"twitter:card\" content=\"summary_large_image\" \/>\n<meta name=\"twitter:label1\" content=\"Scris de\" \/>\n\t<meta name=\"twitter:data1\" content=\"LaneyC\" \/>\n\t<meta name=\"twitter:label2\" content=\"Timp estimat pentru citire\" \/>\n\t<meta name=\"twitter:data2\" content=\"6 minute\" \/>\n<script type=\"application\/ld+json\" class=\"yoast-schema-graph\">{\"@context\":\"https:\\\/\\\/schema.org\",\"@graph\":[{\"@type\":\"Article\",\"@id\":\"https:\\\/\\\/mindtime.ro\\\/index.php\\\/2024\\\/03\\\/08\\\/9-martie-sfintii-mucenici-din-sevastia\\\/#article\",\"isPartOf\":{\"@id\":\"https:\\\/\\\/mindtime.ro\\\/index.php\\\/2024\\\/03\\\/08\\\/9-martie-sfintii-mucenici-din-sevastia\\\/\"},\"author\":{\"name\":\"LaneyC\",\"@id\":\"https:\\\/\\\/mindtime.ro\\\/#\\\/schema\\\/person\\\/6efe0e4bfa5462ebd155232d6cc887a2\"},\"headline\":\"9 martie: Sfin\u021bii Mucenici din Sevastia\",\"datePublished\":\"2024-03-08T17:44:47+00:00\",\"dateModified\":\"2024-03-08T17:44:48+00:00\",\"mainEntityOfPage\":{\"@id\":\"https:\\\/\\\/mindtime.ro\\\/index.php\\\/2024\\\/03\\\/08\\\/9-martie-sfintii-mucenici-din-sevastia\\\/\"},\"wordCount\":1143,\"commentCount\":0,\"image\":{\"@id\":\"https:\\\/\\\/mindtime.ro\\\/index.php\\\/2024\\\/03\\\/08\\\/9-martie-sfintii-mucenici-din-sevastia\\\/#primaryimage\"},\"thumbnailUrl\":\"https:\\\/\\\/mindtime.ro\\\/wp-content\\\/uploads\\\/2023\\\/03\\\/Capture.jpg\",\"keywords\":[\"40 de mucenici\",\"40 de sfinti\",\"9 martie\",\"sevastia\"],\"articleSection\":[\"Calendar\"],\"inLanguage\":\"ro-RO\",\"potentialAction\":[{\"@type\":\"CommentAction\",\"name\":\"Comment\",\"target\":[\"https:\\\/\\\/mindtime.ro\\\/index.php\\\/2024\\\/03\\\/08\\\/9-martie-sfintii-mucenici-din-sevastia\\\/#respond\"]}]},{\"@type\":\"WebPage\",\"@id\":\"https:\\\/\\\/mindtime.ro\\\/index.php\\\/2024\\\/03\\\/08\\\/9-martie-sfintii-mucenici-din-sevastia\\\/\",\"url\":\"https:\\\/\\\/mindtime.ro\\\/index.php\\\/2024\\\/03\\\/08\\\/9-martie-sfintii-mucenici-din-sevastia\\\/\",\"name\":\"9 martie: Sfin\u021bii Mucenici din Sevastia - Mind Time\",\"isPartOf\":{\"@id\":\"https:\\\/\\\/mindtime.ro\\\/#website\"},\"primaryImageOfPage\":{\"@id\":\"https:\\\/\\\/mindtime.ro\\\/index.php\\\/2024\\\/03\\\/08\\\/9-martie-sfintii-mucenici-din-sevastia\\\/#primaryimage\"},\"image\":{\"@id\":\"https:\\\/\\\/mindtime.ro\\\/index.php\\\/2024\\\/03\\\/08\\\/9-martie-sfintii-mucenici-din-sevastia\\\/#primaryimage\"},\"thumbnailUrl\":\"https:\\\/\\\/mindtime.ro\\\/wp-content\\\/uploads\\\/2023\\\/03\\\/Capture.jpg\",\"datePublished\":\"2024-03-08T17:44:47+00:00\",\"dateModified\":\"2024-03-08T17:44:48+00:00\",\"author\":{\"@id\":\"https:\\\/\\\/mindtime.ro\\\/#\\\/schema\\\/person\\\/6efe0e4bfa5462ebd155232d6cc887a2\"},\"description\":\"9 martie: Sfin\u021bii Mucenici din Sevastia un grup de 40 de cre\u0219tini care au fost martiriza\u021bi pentru credin\u021ba lor.\",\"breadcrumb\":{\"@id\":\"https:\\\/\\\/mindtime.ro\\\/index.php\\\/2024\\\/03\\\/08\\\/9-martie-sfintii-mucenici-din-sevastia\\\/#breadcrumb\"},\"inLanguage\":\"ro-RO\",\"potentialAction\":[{\"@type\":\"ReadAction\",\"target\":[\"https:\\\/\\\/mindtime.ro\\\/index.php\\\/2024\\\/03\\\/08\\\/9-martie-sfintii-mucenici-din-sevastia\\\/\"]}]},{\"@type\":\"ImageObject\",\"inLanguage\":\"ro-RO\",\"@id\":\"https:\\\/\\\/mindtime.ro\\\/index.php\\\/2024\\\/03\\\/08\\\/9-martie-sfintii-mucenici-din-sevastia\\\/#primaryimage\",\"url\":\"https:\\\/\\\/mindtime.ro\\\/wp-content\\\/uploads\\\/2023\\\/03\\\/Capture.jpg\",\"contentUrl\":\"https:\\\/\\\/mindtime.ro\\\/wp-content\\\/uploads\\\/2023\\\/03\\\/Capture.jpg\",\"width\":497,\"height\":309},{\"@type\":\"BreadcrumbList\",\"@id\":\"https:\\\/\\\/mindtime.ro\\\/index.php\\\/2024\\\/03\\\/08\\\/9-martie-sfintii-mucenici-din-sevastia\\\/#breadcrumb\",\"itemListElement\":[{\"@type\":\"ListItem\",\"position\":1,\"name\":\"Prima pagin\u0103\",\"item\":\"https:\\\/\\\/mindtime.ro\\\/\"},{\"@type\":\"ListItem\",\"position\":2,\"name\":\"9 martie: Sfin\u021bii Mucenici din Sevastia\"}]},{\"@type\":\"WebSite\",\"@id\":\"https:\\\/\\\/mindtime.ro\\\/#website\",\"url\":\"https:\\\/\\\/mindtime.ro\\\/\",\"name\":\"Mind Time\",\"description\":\"Relaxeaza-ti mintea !\",\"potentialAction\":[{\"@type\":\"SearchAction\",\"target\":{\"@type\":\"EntryPoint\",\"urlTemplate\":\"https:\\\/\\\/mindtime.ro\\\/?s={search_term_string}\"},\"query-input\":{\"@type\":\"PropertyValueSpecification\",\"valueRequired\":true,\"valueName\":\"search_term_string\"}}],\"inLanguage\":\"ro-RO\"},{\"@type\":\"Person\",\"@id\":\"https:\\\/\\\/mindtime.ro\\\/#\\\/schema\\\/person\\\/6efe0e4bfa5462ebd155232d6cc887a2\",\"name\":\"LaneyC\",\"image\":{\"@type\":\"ImageObject\",\"inLanguage\":\"ro-RO\",\"@id\":\"https:\\\/\\\/secure.gravatar.com\\\/avatar\\\/788abfddfb766c27a3406096a0f747b84cea126b13e84ba5cb61a96666f64663?s=96&d=mm&r=g\",\"url\":\"https:\\\/\\\/secure.gravatar.com\\\/avatar\\\/788abfddfb766c27a3406096a0f747b84cea126b13e84ba5cb61a96666f64663?s=96&d=mm&r=g\",\"contentUrl\":\"https:\\\/\\\/secure.gravatar.com\\\/avatar\\\/788abfddfb766c27a3406096a0f747b84cea126b13e84ba5cb61a96666f64663?s=96&d=mm&r=g\",\"caption\":\"LaneyC\"},\"sameAs\":[\"https:\\\/\\\/mindtime.ro\"],\"url\":\"https:\\\/\\\/mindtime.ro\\\/index.php\\\/author\\\/admin-2\\\/\"}]}<\/script>\n<!-- \/ Yoast SEO plugin. -->","yoast_head_json":{"title":"9 martie: Sfin\u021bii Mucenici din Sevastia - Mind Time","description":"9 martie: Sfin\u021bii Mucenici din Sevastia un grup de 40 de cre\u0219tini care au fost martiriza\u021bi pentru credin\u021ba lor.","robots":{"index":"index","follow":"follow","max-snippet":"max-snippet:-1","max-image-preview":"max-image-preview:large","max-video-preview":"max-video-preview:-1"},"canonical":"https:\/\/mindtime.ro\/index.php\/2024\/03\/08\/9-martie-sfintii-mucenici-din-sevastia\/","og_locale":"ro_RO","og_type":"article","og_title":"9 martie: Sfin\u021bii Mucenici din Sevastia - Mind Time","og_description":"9 martie: Sfin\u021bii Mucenici din Sevastia un grup de 40 de cre\u0219tini care au fost martiriza\u021bi pentru credin\u021ba lor.","og_url":"https:\/\/mindtime.ro\/index.php\/2024\/03\/08\/9-martie-sfintii-mucenici-din-sevastia\/","og_site_name":"Mind Time","article_published_time":"2024-03-08T17:44:47+00:00","article_modified_time":"2024-03-08T17:44:48+00:00","og_image":[{"width":497,"height":309,"url":"https:\/\/mindtime.ro\/wp-content\/uploads\/2023\/03\/Capture.jpg","type":"image\/jpeg"}],"author":"LaneyC","twitter_card":"summary_large_image","twitter_misc":{"Scris de":"LaneyC","Timp estimat pentru citire":"6 minute"},"schema":{"@context":"https:\/\/schema.org","@graph":[{"@type":"Article","@id":"https:\/\/mindtime.ro\/index.php\/2024\/03\/08\/9-martie-sfintii-mucenici-din-sevastia\/#article","isPartOf":{"@id":"https:\/\/mindtime.ro\/index.php\/2024\/03\/08\/9-martie-sfintii-mucenici-din-sevastia\/"},"author":{"name":"LaneyC","@id":"https:\/\/mindtime.ro\/#\/schema\/person\/6efe0e4bfa5462ebd155232d6cc887a2"},"headline":"9 martie: Sfin\u021bii Mucenici din Sevastia","datePublished":"2024-03-08T17:44:47+00:00","dateModified":"2024-03-08T17:44:48+00:00","mainEntityOfPage":{"@id":"https:\/\/mindtime.ro\/index.php\/2024\/03\/08\/9-martie-sfintii-mucenici-din-sevastia\/"},"wordCount":1143,"commentCount":0,"image":{"@id":"https:\/\/mindtime.ro\/index.php\/2024\/03\/08\/9-martie-sfintii-mucenici-din-sevastia\/#primaryimage"},"thumbnailUrl":"https:\/\/mindtime.ro\/wp-content\/uploads\/2023\/03\/Capture.jpg","keywords":["40 de mucenici","40 de sfinti","9 martie","sevastia"],"articleSection":["Calendar"],"inLanguage":"ro-RO","potentialAction":[{"@type":"CommentAction","name":"Comment","target":["https:\/\/mindtime.ro\/index.php\/2024\/03\/08\/9-martie-sfintii-mucenici-din-sevastia\/#respond"]}]},{"@type":"WebPage","@id":"https:\/\/mindtime.ro\/index.php\/2024\/03\/08\/9-martie-sfintii-mucenici-din-sevastia\/","url":"https:\/\/mindtime.ro\/index.php\/2024\/03\/08\/9-martie-sfintii-mucenici-din-sevastia\/","name":"9 martie: Sfin\u021bii Mucenici din Sevastia - Mind Time","isPartOf":{"@id":"https:\/\/mindtime.ro\/#website"},"primaryImageOfPage":{"@id":"https:\/\/mindtime.ro\/index.php\/2024\/03\/08\/9-martie-sfintii-mucenici-din-sevastia\/#primaryimage"},"image":{"@id":"https:\/\/mindtime.ro\/index.php\/2024\/03\/08\/9-martie-sfintii-mucenici-din-sevastia\/#primaryimage"},"thumbnailUrl":"https:\/\/mindtime.ro\/wp-content\/uploads\/2023\/03\/Capture.jpg","datePublished":"2024-03-08T17:44:47+00:00","dateModified":"2024-03-08T17:44:48+00:00","author":{"@id":"https:\/\/mindtime.ro\/#\/schema\/person\/6efe0e4bfa5462ebd155232d6cc887a2"},"description":"9 martie: Sfin\u021bii Mucenici din Sevastia un grup de 40 de cre\u0219tini care au fost martiriza\u021bi pentru credin\u021ba lor.","breadcrumb":{"@id":"https:\/\/mindtime.ro\/index.php\/2024\/03\/08\/9-martie-sfintii-mucenici-din-sevastia\/#breadcrumb"},"inLanguage":"ro-RO","potentialAction":[{"@type":"ReadAction","target":["https:\/\/mindtime.ro\/index.php\/2024\/03\/08\/9-martie-sfintii-mucenici-din-sevastia\/"]}]},{"@type":"ImageObject","inLanguage":"ro-RO","@id":"https:\/\/mindtime.ro\/index.php\/2024\/03\/08\/9-martie-sfintii-mucenici-din-sevastia\/#primaryimage","url":"https:\/\/mindtime.ro\/wp-content\/uploads\/2023\/03\/Capture.jpg","contentUrl":"https:\/\/mindtime.ro\/wp-content\/uploads\/2023\/03\/Capture.jpg","width":497,"height":309},{"@type":"BreadcrumbList","@id":"https:\/\/mindtime.ro\/index.php\/2024\/03\/08\/9-martie-sfintii-mucenici-din-sevastia\/#breadcrumb","itemListElement":[{"@type":"ListItem","position":1,"name":"Prima pagin\u0103","item":"https:\/\/mindtime.ro\/"},{"@type":"ListItem","position":2,"name":"9 martie: Sfin\u021bii Mucenici din Sevastia"}]},{"@type":"WebSite","@id":"https:\/\/mindtime.ro\/#website","url":"https:\/\/mindtime.ro\/","name":"Mind Time","description":"Relaxeaza-ti mintea !","potentialAction":[{"@type":"SearchAction","target":{"@type":"EntryPoint","urlTemplate":"https:\/\/mindtime.ro\/?s={search_term_string}"},"query-input":{"@type":"PropertyValueSpecification","valueRequired":true,"valueName":"search_term_string"}}],"inLanguage":"ro-RO"},{"@type":"Person","@id":"https:\/\/mindtime.ro\/#\/schema\/person\/6efe0e4bfa5462ebd155232d6cc887a2","name":"LaneyC","image":{"@type":"ImageObject","inLanguage":"ro-RO","@id":"https:\/\/secure.gravatar.com\/avatar\/788abfddfb766c27a3406096a0f747b84cea126b13e84ba5cb61a96666f64663?s=96&d=mm&r=g","url":"https:\/\/secure.gravatar.com\/avatar\/788abfddfb766c27a3406096a0f747b84cea126b13e84ba5cb61a96666f64663?s=96&d=mm&r=g","contentUrl":"https:\/\/secure.gravatar.com\/avatar\/788abfddfb766c27a3406096a0f747b84cea126b13e84ba5cb61a96666f64663?s=96&d=mm&r=g","caption":"LaneyC"},"sameAs":["https:\/\/mindtime.ro"],"url":"https:\/\/mindtime.ro\/index.php\/author\/admin-2\/"}]}},"_links":{"self":[{"href":"https:\/\/mindtime.ro\/index.php\/wp-json\/wp\/v2\/posts\/923","targetHints":{"allow":["GET"]}}],"collection":[{"href":"https:\/\/mindtime.ro\/index.php\/wp-json\/wp\/v2\/posts"}],"about":[{"href":"https:\/\/mindtime.ro\/index.php\/wp-json\/wp\/v2\/types\/post"}],"author":[{"embeddable":true,"href":"https:\/\/mindtime.ro\/index.php\/wp-json\/wp\/v2\/users\/3"}],"replies":[{"embeddable":true,"href":"https:\/\/mindtime.ro\/index.php\/wp-json\/wp\/v2\/comments?post=923"}],"version-history":[{"count":12,"href":"https:\/\/mindtime.ro\/index.php\/wp-json\/wp\/v2\/posts\/923\/revisions"}],"predecessor-version":[{"id":935,"href":"https:\/\/mindtime.ro\/index.php\/wp-json\/wp\/v2\/posts\/923\/revisions\/935"}],"wp:featuredmedia":[{"embeddable":true,"href":"https:\/\/mindtime.ro\/index.php\/wp-json\/wp\/v2\/media\/936"}],"wp:attachment":[{"href":"https:\/\/mindtime.ro\/index.php\/wp-json\/wp\/v2\/media?parent=923"}],"wp:term":[{"taxonomy":"category","embeddable":true,"href":"https:\/\/mindtime.ro\/index.php\/wp-json\/wp\/v2\/categories?post=923"},{"taxonomy":"post_tag","embeddable":true,"href":"https:\/\/mindtime.ro\/index.php\/wp-json\/wp\/v2\/tags?post=923"}],"curies":[{"name":"wp","href":"https:\/\/api.w.org\/{rel}","templated":true}]}}