{"id":871,"date":"2024-03-06T12:33:00","date_gmt":"2024-03-06T10:33:00","guid":{"rendered":"https:\/\/mindtime.ro\/?p=871"},"modified":"2024-03-06T12:38:05","modified_gmt":"2024-03-06T10:38:05","slug":"7-martie-1765-se-naste-nicephore-niepce","status":"publish","type":"post","link":"https:\/\/mindtime.ro\/index.php\/2024\/03\/06\/7-martie-1765-se-naste-nicephore-niepce\/","title":{"rendered":"7 martie 1765: Se naste, Nic\u00e9phore Ni\u00e9pce"},"content":{"rendered":"\n<p>7 martie 1765: Se naste, Nic\u00e9phore Ni\u00e9pce, pionier al fotografiei.<\/p>\n\n\n\n<p>Nic\u00e9phore Ni\u00e9pce (1765-1833) a fost un inventator francez \u0219i unul dintre pionierii fotografiei. \u00cempreun\u0103 cu partenerul s\u0103u de afaceri, fratele s\u0103u Claude, Ni\u00e9pce a dezvoltat metode de fixare a imaginilor pe pl\u0103ci metalice sau sticl\u0103. Acest lucru a fost realizat prin expunerea substan\u021belor chimice sensibile la lumin\u0103 la lumina soarelui printr-un obiectiv, proces numit heliografie.<\/p>\n\n\n\n<p>Una dintre cele mai celebre lucr\u0103ri ale sale este &#8222;<em>View from the Window at Le Gras<\/em>&#8222;, considerat\u0103 a fi prima fotografie permanent\u0103 cunoscut\u0103, realizat\u0103 \u00een 1826 prin expunerea unei pl\u0103ci de cupru acoperite cu bitum la lumin\u0103 timp de opt ore. <\/p>\n\n\n\n<p>Aceast\u0103 fotografie a reprezentat o revolu\u021bie \u00een arta \u0219i tehnologia fotografiei, deschiz\u00e2nd calea pentru dezvoltarea ulterioar\u0103 a fotografiilor permanente \u0219i a camerei foto, care a revolu\u021bionat felul \u00een care ne raport\u0103m la lumea \u00eenconjur\u0103toare prin intermediul imaginilor.<\/p>\n\n\n\n<h5 class=\"wp-block-heading\">Cuvantul \u201cfotografie\u201d provine din limba greac\u0103 \u015fi \u00eenseamn\u0103 \u201c<em>a desena cu lumin\u0103<\/em>\u201d.<\/h5>\n\n\n\n<p> Inventatorii Nicephore Niepce, Henry Fox Talbot si Louis Daguerre nu au folosit cuvantul \u201cfotografie\u201d, ei s-au referit la acest fenomen folosind alte denumiri, precum: procesele de \u201cheliografie\u201d (Niepce), \u201ddesen fotogenic\u201d\/calotip\u201d (Talbot), respectiv \u201cdaguerotip\u201d (Daguerre).<\/p>\n\n\n\n<p>Ni\u00e9pce a lucrat \u0219i cu al\u021bi inventatori de frunte ai timpului s\u0103u, inclusiv cu Louis Daguerre, pentru a \u00eembun\u0103t\u0103\u021bi tehnologia fotografic\u0103. <\/p>\n\n\n\n<p>Fotografiile realizate prin metoda Niepce necesitau o expunere extrem de lung\u0103 (cel pu\u0163in 8 ore sau chiar c\u00e2teva zile). De aceea el a c\u0103utat s\u0103-\u015fi \u00eembun\u0103ta\u0163easc\u0103\u00a0 procesul. \u00cen asociere cu Luis Daguerre, acesta a cautat metode de procesare post-expunere, care au produs rezultate vizuale superioare, introduc\u00e2nd o ra\u015fin\u0103 sensibil\u0103 la lumin\u0103.\u00a0<\/p>\n\n\n\n<p>Dup\u0103 moartea lui Niepce&nbsp; \u00een 1833, Daguerre a redirec\u0163ionat experimentele c\u0103tre folosirea s\u0103rurilor de argint sensibile la lumin\u0103, pe care Niepce le abandonase cu mul\u0163i ani \u00een urm\u0103 din cauza predispozi\u0163iei la decolorare pe care o aveau imaginile realizate cu aceast\u0103 metod\u0103.<\/p>\n\n\n\n<p>Niepce a murit \u00eenainte de a putea vedea dezvoltarea ulterioar\u0103 a fotografiei \u00een secolul al XIX-lea \u0219i impactul uria\u0219 pe care l-a avut asupra culturii \u0219i societ\u0103\u021bii umane.<\/p>\n\n\n\n<h2 class=\"wp-block-heading\">7 martie: Momente de amintit<\/h2>\n\n\n\n<p><strong>161<\/strong>: \u00cemp\u0103ratul Antoninus Pius moare \u0219i este succedat de fii s\u0103i adoptivi Marcus Aurelius \u0219i Lucius Verus.<br><strong>321<\/strong>: \u00cemp\u0103ratul Constantin d\u0103 un decret prin care se impune ca \u201e<strong><em>To\u021bi judec\u0103torii, or\u0103\u0219enii \u0219i muncitorii trebuie s\u0103 se odihneasc\u0103 \u00een venerabila zi a soarelui\u201d<\/em><\/strong> &#8211; Duminica devine pentru prima oar\u0103 zi liber\u0103.<br><strong>1395<\/strong>: Mircea cel B\u0103tr\u00e2n \u0219i regele Sigismund de Luxemburg au \u00eencheiat la Bra\u0219ov un tratat de cooperare militar\u0103 antiotoman\u0103.<br><strong>1441<\/strong>: Iancu de Hunedoara a devenit voievod al Transilvaniei. El de\u021binea aceast\u0103 func\u021bie pe l\u00e2ng\u0103 cea de comite al Timi\u0219oarei \u0219i de ban al Severinului.<br><strong>1471<\/strong>: Radu cel Frumos, fratele lui Vlad \u021aepe\u0219, a atacat Moldova, dar \u0218tefan cel Mare l-a \u00eenvins la Soci, l\u00e2ng\u0103 Bac\u0103u. Domnul muntean, supus turcilor, a izbutit s\u0103 scape fugind.<\/p>\n\n\n\n<p><strong>1817<\/strong>: Se naste, Alexandre Antigna, pictor francez.<br><strong>1876<\/strong>: Alexander Graham Bell prime\u0219te brevetul pentru o inven\u021bie pe care el o nume\u0219te telefon.<br><strong>1912<\/strong>: Succesul expedi\u021biei lui Roald Amundsen la Polul Sud (14 decembrie 1911) este anun\u021bat public, c\u00e2nd nava Fram a ajuns la Hobart, \u00een Australia.<br><strong>1939<\/strong>: \u00cen Rom\u00e2nia \u00eencepe guvernarea Armand C\u0103linescu (7 martie-21 septembrie 1939).<br><strong>1968<\/strong>: TVR a scos revista oficial\u0103 a primei edi\u021bii a Festivalulio \u201eCerbul de Aur\u201d, \u00een cinci limbi.<br><strong>2009:<\/strong> NASA a lansat sonda spa\u021bial\u0103 Kepler (numit\u0103 a\u0219a dup\u0103 astronomul german Johannes Kepler), care are scopul de a descoperi noi exoplanete asem\u0103n\u0103toare P\u0103m\u00e2ntului care orbiteaz\u0103 alte stele, cu ajutorul unui telescop \u0219i al unui fotometru speciale.<\/p>\n\n\n\n<p class=\"has-text-align-right has-background\" style=\"background:linear-gradient(135deg,rgb(6,147,227) 0%,rgb(229,137,137) 78%,rgb(155,81,224) 100%)\"><a href=\"http:\/\/radio.enjoychat.net:8024\/\">http:\/\/radio.enjoychat.net:8024\/<\/a>     <strong>By LaneyC<\/strong><\/p>\n","protected":false},"excerpt":{"rendered":"<p>7 martie 1765: Se naste, Nic\u00e9phore Ni\u00e9pce, pionier al fotografiei. Nic\u00e9phore Ni\u00e9pce (1765-1833) a fost un inventator francez \u0219i unul dintre pionierii fotografiei. \u00cempreun\u0103 cu partenerul s\u0103u de afaceri, fratele s\u0103u Claude, Ni\u00e9pce a dezvoltat metode de fixare a imaginilor pe pl\u0103ci metalice sau sticl\u0103. Acest lucru a fost realizat prin expunerea substan\u021belor chimice sensibile &hellip; <a href=\"https:\/\/mindtime.ro\/index.php\/2024\/03\/06\/7-martie-1765-se-naste-nicephore-niepce\/\" class=\"more-link\">Continue reading <span class=\"screen-reader-text\">7 martie 1765: Se naste, Nic\u00e9phore Ni\u00e9pce<\/span><\/a><\/p>\n","protected":false},"author":3,"featured_media":880,"comment_status":"open","ping_status":"open","sticky":true,"template":"","format":"standard","meta":{"footnotes":""},"categories":[10],"tags":[132,134,135,133],"class_list":["post-871","post","type-post","status-publish","format-standard","has-post-thumbnail","hentry","category-calendar","tag-7-martie","tag-fotografie","tag-heliografie","tag-nicephore-niepce"],"yoast_head":"<!-- This site is optimized with the Yoast SEO plugin v27.5 - https:\/\/yoast.com\/product\/yoast-seo-wordpress\/ -->\n<title>7 martie 1765: Se naste, Nic\u00e9phore Ni\u00e9pce - Mind Time<\/title>\n<meta name=\"description\" content=\"7 martie 1765: Se naste, Nic\u00e9phore Ni\u00e9pce, pionier al fotografiei.\" \/>\n<meta name=\"robots\" content=\"index, follow, max-snippet:-1, max-image-preview:large, max-video-preview:-1\" \/>\n<link rel=\"canonical\" href=\"https:\/\/mindtime.ro\/index.php\/2024\/03\/06\/7-martie-1765-se-naste-nicephore-niepce\/\" \/>\n<meta property=\"og:locale\" content=\"ro_RO\" \/>\n<meta property=\"og:type\" content=\"article\" \/>\n<meta property=\"og:title\" content=\"7 martie 1765: Se naste, Nic\u00e9phore Ni\u00e9pce - Mind Time\" \/>\n<meta property=\"og:description\" content=\"7 martie 1765: Se naste, Nic\u00e9phore Ni\u00e9pce, pionier al fotografiei.\" \/>\n<meta property=\"og:url\" content=\"https:\/\/mindtime.ro\/index.php\/2024\/03\/06\/7-martie-1765-se-naste-nicephore-niepce\/\" \/>\n<meta property=\"og:site_name\" content=\"Mind Time\" \/>\n<meta property=\"article:published_time\" content=\"2024-03-06T10:33:00+00:00\" \/>\n<meta property=\"article:modified_time\" content=\"2024-03-06T10:38:05+00:00\" \/>\n<meta property=\"og:image\" content=\"https:\/\/mindtime.ro\/wp-content\/uploads\/2023\/03\/View-e1678098523467.jpg\" \/>\n\t<meta property=\"og:image:width\" content=\"400\" \/>\n\t<meta property=\"og:image:height\" content=\"272\" \/>\n\t<meta property=\"og:image:type\" content=\"image\/jpeg\" \/>\n<meta name=\"author\" content=\"LaneyC\" \/>\n<meta name=\"twitter:card\" content=\"summary_large_image\" \/>\n<meta name=\"twitter:label1\" content=\"Scris de\" \/>\n\t<meta name=\"twitter:data1\" content=\"LaneyC\" \/>\n\t<meta name=\"twitter:label2\" content=\"Timp estimat pentru citire\" \/>\n\t<meta name=\"twitter:data2\" content=\"4 minute\" \/>\n<script type=\"application\/ld+json\" class=\"yoast-schema-graph\">{\"@context\":\"https:\\\/\\\/schema.org\",\"@graph\":[{\"@type\":\"Article\",\"@id\":\"https:\\\/\\\/mindtime.ro\\\/index.php\\\/2024\\\/03\\\/06\\\/7-martie-1765-se-naste-nicephore-niepce\\\/#article\",\"isPartOf\":{\"@id\":\"https:\\\/\\\/mindtime.ro\\\/index.php\\\/2024\\\/03\\\/06\\\/7-martie-1765-se-naste-nicephore-niepce\\\/\"},\"author\":{\"name\":\"LaneyC\",\"@id\":\"https:\\\/\\\/mindtime.ro\\\/#\\\/schema\\\/person\\\/6efe0e4bfa5462ebd155232d6cc887a2\"},\"headline\":\"7 martie 1765: Se naste, Nic\u00e9phore Ni\u00e9pce\",\"datePublished\":\"2024-03-06T10:33:00+00:00\",\"dateModified\":\"2024-03-06T10:38:05+00:00\",\"mainEntityOfPage\":{\"@id\":\"https:\\\/\\\/mindtime.ro\\\/index.php\\\/2024\\\/03\\\/06\\\/7-martie-1765-se-naste-nicephore-niepce\\\/\"},\"wordCount\":631,\"commentCount\":0,\"image\":{\"@id\":\"https:\\\/\\\/mindtime.ro\\\/index.php\\\/2024\\\/03\\\/06\\\/7-martie-1765-se-naste-nicephore-niepce\\\/#primaryimage\"},\"thumbnailUrl\":\"https:\\\/\\\/mindtime.ro\\\/wp-content\\\/uploads\\\/2023\\\/03\\\/View-e1678098523467.jpg\",\"keywords\":[\"7 martie\",\"Fotografie\",\"Heliografie\",\"Nic\u00e9phore Ni\u00e9pce\"],\"articleSection\":[\"Calendar\"],\"inLanguage\":\"ro-RO\",\"potentialAction\":[{\"@type\":\"CommentAction\",\"name\":\"Comment\",\"target\":[\"https:\\\/\\\/mindtime.ro\\\/index.php\\\/2024\\\/03\\\/06\\\/7-martie-1765-se-naste-nicephore-niepce\\\/#respond\"]}]},{\"@type\":\"WebPage\",\"@id\":\"https:\\\/\\\/mindtime.ro\\\/index.php\\\/2024\\\/03\\\/06\\\/7-martie-1765-se-naste-nicephore-niepce\\\/\",\"url\":\"https:\\\/\\\/mindtime.ro\\\/index.php\\\/2024\\\/03\\\/06\\\/7-martie-1765-se-naste-nicephore-niepce\\\/\",\"name\":\"7 martie 1765: Se naste, Nic\u00e9phore Ni\u00e9pce - Mind Time\",\"isPartOf\":{\"@id\":\"https:\\\/\\\/mindtime.ro\\\/#website\"},\"primaryImageOfPage\":{\"@id\":\"https:\\\/\\\/mindtime.ro\\\/index.php\\\/2024\\\/03\\\/06\\\/7-martie-1765-se-naste-nicephore-niepce\\\/#primaryimage\"},\"image\":{\"@id\":\"https:\\\/\\\/mindtime.ro\\\/index.php\\\/2024\\\/03\\\/06\\\/7-martie-1765-se-naste-nicephore-niepce\\\/#primaryimage\"},\"thumbnailUrl\":\"https:\\\/\\\/mindtime.ro\\\/wp-content\\\/uploads\\\/2023\\\/03\\\/View-e1678098523467.jpg\",\"datePublished\":\"2024-03-06T10:33:00+00:00\",\"dateModified\":\"2024-03-06T10:38:05+00:00\",\"author\":{\"@id\":\"https:\\\/\\\/mindtime.ro\\\/#\\\/schema\\\/person\\\/6efe0e4bfa5462ebd155232d6cc887a2\"},\"description\":\"7 martie 1765: Se naste, Nic\u00e9phore Ni\u00e9pce, pionier al fotografiei.\",\"breadcrumb\":{\"@id\":\"https:\\\/\\\/mindtime.ro\\\/index.php\\\/2024\\\/03\\\/06\\\/7-martie-1765-se-naste-nicephore-niepce\\\/#breadcrumb\"},\"inLanguage\":\"ro-RO\",\"potentialAction\":[{\"@type\":\"ReadAction\",\"target\":[\"https:\\\/\\\/mindtime.ro\\\/index.php\\\/2024\\\/03\\\/06\\\/7-martie-1765-se-naste-nicephore-niepce\\\/\"]}]},{\"@type\":\"ImageObject\",\"inLanguage\":\"ro-RO\",\"@id\":\"https:\\\/\\\/mindtime.ro\\\/index.php\\\/2024\\\/03\\\/06\\\/7-martie-1765-se-naste-nicephore-niepce\\\/#primaryimage\",\"url\":\"https:\\\/\\\/mindtime.ro\\\/wp-content\\\/uploads\\\/2023\\\/03\\\/View-e1678098523467.jpg\",\"contentUrl\":\"https:\\\/\\\/mindtime.ro\\\/wp-content\\\/uploads\\\/2023\\\/03\\\/View-e1678098523467.jpg\",\"width\":400,\"height\":272},{\"@type\":\"BreadcrumbList\",\"@id\":\"https:\\\/\\\/mindtime.ro\\\/index.php\\\/2024\\\/03\\\/06\\\/7-martie-1765-se-naste-nicephore-niepce\\\/#breadcrumb\",\"itemListElement\":[{\"@type\":\"ListItem\",\"position\":1,\"name\":\"Prima pagin\u0103\",\"item\":\"https:\\\/\\\/mindtime.ro\\\/\"},{\"@type\":\"ListItem\",\"position\":2,\"name\":\"7 martie 1765: Se naste, Nic\u00e9phore Ni\u00e9pce\"}]},{\"@type\":\"WebSite\",\"@id\":\"https:\\\/\\\/mindtime.ro\\\/#website\",\"url\":\"https:\\\/\\\/mindtime.ro\\\/\",\"name\":\"Mind Time\",\"description\":\"Relaxeaza-ti mintea !\",\"potentialAction\":[{\"@type\":\"SearchAction\",\"target\":{\"@type\":\"EntryPoint\",\"urlTemplate\":\"https:\\\/\\\/mindtime.ro\\\/?s={search_term_string}\"},\"query-input\":{\"@type\":\"PropertyValueSpecification\",\"valueRequired\":true,\"valueName\":\"search_term_string\"}}],\"inLanguage\":\"ro-RO\"},{\"@type\":\"Person\",\"@id\":\"https:\\\/\\\/mindtime.ro\\\/#\\\/schema\\\/person\\\/6efe0e4bfa5462ebd155232d6cc887a2\",\"name\":\"LaneyC\",\"image\":{\"@type\":\"ImageObject\",\"inLanguage\":\"ro-RO\",\"@id\":\"https:\\\/\\\/secure.gravatar.com\\\/avatar\\\/788abfddfb766c27a3406096a0f747b84cea126b13e84ba5cb61a96666f64663?s=96&d=mm&r=g\",\"url\":\"https:\\\/\\\/secure.gravatar.com\\\/avatar\\\/788abfddfb766c27a3406096a0f747b84cea126b13e84ba5cb61a96666f64663?s=96&d=mm&r=g\",\"contentUrl\":\"https:\\\/\\\/secure.gravatar.com\\\/avatar\\\/788abfddfb766c27a3406096a0f747b84cea126b13e84ba5cb61a96666f64663?s=96&d=mm&r=g\",\"caption\":\"LaneyC\"},\"sameAs\":[\"https:\\\/\\\/mindtime.ro\"],\"url\":\"https:\\\/\\\/mindtime.ro\\\/index.php\\\/author\\\/admin-2\\\/\"}]}<\/script>\n<!-- \/ Yoast SEO plugin. -->","yoast_head_json":{"title":"7 martie 1765: Se naste, Nic\u00e9phore Ni\u00e9pce - Mind Time","description":"7 martie 1765: Se naste, Nic\u00e9phore Ni\u00e9pce, pionier al fotografiei.","robots":{"index":"index","follow":"follow","max-snippet":"max-snippet:-1","max-image-preview":"max-image-preview:large","max-video-preview":"max-video-preview:-1"},"canonical":"https:\/\/mindtime.ro\/index.php\/2024\/03\/06\/7-martie-1765-se-naste-nicephore-niepce\/","og_locale":"ro_RO","og_type":"article","og_title":"7 martie 1765: Se naste, Nic\u00e9phore Ni\u00e9pce - Mind Time","og_description":"7 martie 1765: Se naste, Nic\u00e9phore Ni\u00e9pce, pionier al fotografiei.","og_url":"https:\/\/mindtime.ro\/index.php\/2024\/03\/06\/7-martie-1765-se-naste-nicephore-niepce\/","og_site_name":"Mind Time","article_published_time":"2024-03-06T10:33:00+00:00","article_modified_time":"2024-03-06T10:38:05+00:00","og_image":[{"width":400,"height":272,"url":"https:\/\/mindtime.ro\/wp-content\/uploads\/2023\/03\/View-e1678098523467.jpg","type":"image\/jpeg"}],"author":"LaneyC","twitter_card":"summary_large_image","twitter_misc":{"Scris de":"LaneyC","Timp estimat pentru citire":"4 minute"},"schema":{"@context":"https:\/\/schema.org","@graph":[{"@type":"Article","@id":"https:\/\/mindtime.ro\/index.php\/2024\/03\/06\/7-martie-1765-se-naste-nicephore-niepce\/#article","isPartOf":{"@id":"https:\/\/mindtime.ro\/index.php\/2024\/03\/06\/7-martie-1765-se-naste-nicephore-niepce\/"},"author":{"name":"LaneyC","@id":"https:\/\/mindtime.ro\/#\/schema\/person\/6efe0e4bfa5462ebd155232d6cc887a2"},"headline":"7 martie 1765: Se naste, Nic\u00e9phore Ni\u00e9pce","datePublished":"2024-03-06T10:33:00+00:00","dateModified":"2024-03-06T10:38:05+00:00","mainEntityOfPage":{"@id":"https:\/\/mindtime.ro\/index.php\/2024\/03\/06\/7-martie-1765-se-naste-nicephore-niepce\/"},"wordCount":631,"commentCount":0,"image":{"@id":"https:\/\/mindtime.ro\/index.php\/2024\/03\/06\/7-martie-1765-se-naste-nicephore-niepce\/#primaryimage"},"thumbnailUrl":"https:\/\/mindtime.ro\/wp-content\/uploads\/2023\/03\/View-e1678098523467.jpg","keywords":["7 martie","Fotografie","Heliografie","Nic\u00e9phore Ni\u00e9pce"],"articleSection":["Calendar"],"inLanguage":"ro-RO","potentialAction":[{"@type":"CommentAction","name":"Comment","target":["https:\/\/mindtime.ro\/index.php\/2024\/03\/06\/7-martie-1765-se-naste-nicephore-niepce\/#respond"]}]},{"@type":"WebPage","@id":"https:\/\/mindtime.ro\/index.php\/2024\/03\/06\/7-martie-1765-se-naste-nicephore-niepce\/","url":"https:\/\/mindtime.ro\/index.php\/2024\/03\/06\/7-martie-1765-se-naste-nicephore-niepce\/","name":"7 martie 1765: Se naste, Nic\u00e9phore Ni\u00e9pce - Mind Time","isPartOf":{"@id":"https:\/\/mindtime.ro\/#website"},"primaryImageOfPage":{"@id":"https:\/\/mindtime.ro\/index.php\/2024\/03\/06\/7-martie-1765-se-naste-nicephore-niepce\/#primaryimage"},"image":{"@id":"https:\/\/mindtime.ro\/index.php\/2024\/03\/06\/7-martie-1765-se-naste-nicephore-niepce\/#primaryimage"},"thumbnailUrl":"https:\/\/mindtime.ro\/wp-content\/uploads\/2023\/03\/View-e1678098523467.jpg","datePublished":"2024-03-06T10:33:00+00:00","dateModified":"2024-03-06T10:38:05+00:00","author":{"@id":"https:\/\/mindtime.ro\/#\/schema\/person\/6efe0e4bfa5462ebd155232d6cc887a2"},"description":"7 martie 1765: Se naste, Nic\u00e9phore Ni\u00e9pce, pionier al fotografiei.","breadcrumb":{"@id":"https:\/\/mindtime.ro\/index.php\/2024\/03\/06\/7-martie-1765-se-naste-nicephore-niepce\/#breadcrumb"},"inLanguage":"ro-RO","potentialAction":[{"@type":"ReadAction","target":["https:\/\/mindtime.ro\/index.php\/2024\/03\/06\/7-martie-1765-se-naste-nicephore-niepce\/"]}]},{"@type":"ImageObject","inLanguage":"ro-RO","@id":"https:\/\/mindtime.ro\/index.php\/2024\/03\/06\/7-martie-1765-se-naste-nicephore-niepce\/#primaryimage","url":"https:\/\/mindtime.ro\/wp-content\/uploads\/2023\/03\/View-e1678098523467.jpg","contentUrl":"https:\/\/mindtime.ro\/wp-content\/uploads\/2023\/03\/View-e1678098523467.jpg","width":400,"height":272},{"@type":"BreadcrumbList","@id":"https:\/\/mindtime.ro\/index.php\/2024\/03\/06\/7-martie-1765-se-naste-nicephore-niepce\/#breadcrumb","itemListElement":[{"@type":"ListItem","position":1,"name":"Prima pagin\u0103","item":"https:\/\/mindtime.ro\/"},{"@type":"ListItem","position":2,"name":"7 martie 1765: Se naste, Nic\u00e9phore Ni\u00e9pce"}]},{"@type":"WebSite","@id":"https:\/\/mindtime.ro\/#website","url":"https:\/\/mindtime.ro\/","name":"Mind Time","description":"Relaxeaza-ti mintea !","potentialAction":[{"@type":"SearchAction","target":{"@type":"EntryPoint","urlTemplate":"https:\/\/mindtime.ro\/?s={search_term_string}"},"query-input":{"@type":"PropertyValueSpecification","valueRequired":true,"valueName":"search_term_string"}}],"inLanguage":"ro-RO"},{"@type":"Person","@id":"https:\/\/mindtime.ro\/#\/schema\/person\/6efe0e4bfa5462ebd155232d6cc887a2","name":"LaneyC","image":{"@type":"ImageObject","inLanguage":"ro-RO","@id":"https:\/\/secure.gravatar.com\/avatar\/788abfddfb766c27a3406096a0f747b84cea126b13e84ba5cb61a96666f64663?s=96&d=mm&r=g","url":"https:\/\/secure.gravatar.com\/avatar\/788abfddfb766c27a3406096a0f747b84cea126b13e84ba5cb61a96666f64663?s=96&d=mm&r=g","contentUrl":"https:\/\/secure.gravatar.com\/avatar\/788abfddfb766c27a3406096a0f747b84cea126b13e84ba5cb61a96666f64663?s=96&d=mm&r=g","caption":"LaneyC"},"sameAs":["https:\/\/mindtime.ro"],"url":"https:\/\/mindtime.ro\/index.php\/author\/admin-2\/"}]}},"_links":{"self":[{"href":"https:\/\/mindtime.ro\/index.php\/wp-json\/wp\/v2\/posts\/871","targetHints":{"allow":["GET"]}}],"collection":[{"href":"https:\/\/mindtime.ro\/index.php\/wp-json\/wp\/v2\/posts"}],"about":[{"href":"https:\/\/mindtime.ro\/index.php\/wp-json\/wp\/v2\/types\/post"}],"author":[{"embeddable":true,"href":"https:\/\/mindtime.ro\/index.php\/wp-json\/wp\/v2\/users\/3"}],"replies":[{"embeddable":true,"href":"https:\/\/mindtime.ro\/index.php\/wp-json\/wp\/v2\/comments?post=871"}],"version-history":[{"count":12,"href":"https:\/\/mindtime.ro\/index.php\/wp-json\/wp\/v2\/posts\/871\/revisions"}],"predecessor-version":[{"id":884,"href":"https:\/\/mindtime.ro\/index.php\/wp-json\/wp\/v2\/posts\/871\/revisions\/884"}],"wp:featuredmedia":[{"embeddable":true,"href":"https:\/\/mindtime.ro\/index.php\/wp-json\/wp\/v2\/media\/880"}],"wp:attachment":[{"href":"https:\/\/mindtime.ro\/index.php\/wp-json\/wp\/v2\/media?parent=871"}],"wp:term":[{"taxonomy":"category","embeddable":true,"href":"https:\/\/mindtime.ro\/index.php\/wp-json\/wp\/v2\/categories?post=871"},{"taxonomy":"post_tag","embeddable":true,"href":"https:\/\/mindtime.ro\/index.php\/wp-json\/wp\/v2\/tags?post=871"}],"curies":[{"name":"wp","href":"https:\/\/api.w.org\/{rel}","templated":true}]}}