{"id":766,"date":"2024-02-26T14:11:01","date_gmt":"2024-02-26T12:11:01","guid":{"rendered":"https:\/\/mindtime.ro\/?p=766"},"modified":"2024-02-26T14:11:02","modified_gmt":"2024-02-26T12:11:02","slug":"27-februarie-ziua-mondiala-a-ong-urilor","status":"publish","type":"post","link":"https:\/\/mindtime.ro\/index.php\/2024\/02\/26\/27-februarie-ziua-mondiala-a-ong-urilor\/","title":{"rendered":"27 februarie &#8211; Ziua\u00a0Mondial\u0103 a ONG-urilor"},"content":{"rendered":"\n<p><strong>Ziua<\/strong>&nbsp;Mondial\u0103 a ONG-urilor este s\u0103rb\u0103torit\u0103, \u00een fiecare an, la&nbsp;<strong>27 februarie<\/strong>, \u00een 89 de \u0163\u0103ri de pe \u015fase continente, iar ideea acesteia i-a apar\u0163inut t\u00e2n\u0103rului filantrop de origine leton\u0103 Marcis Liors Skadmanis.<\/p>\n\n\n\n<p>Aceast\u0103 zi este dedicat\u0103 recunoa\u0219terii \u0219i s\u0103rb\u0103toririi contribu\u021biilor semnificative pe care organiza\u021biile neguvernamentale (ONG-uri) le aduc societ\u0103\u021bii \u0219i comunit\u0103\u021bilor din \u00eentreaga lume.<\/p>\n\n\n\n<p>ONG-urile sunt organiza\u021bii non-profit care \u00ee\u0219i desf\u0103\u0219oar\u0103 activitatea \u00een interesul public \u0219i care sunt independente fa\u021b\u0103 de guvern \u0219i de companii. <\/p>\n\n\n\n<h5 class=\"wp-block-heading\">Aceste organiza\u021bii joac\u0103 un rol crucial \u00een promovarea drepturilor omului, a justi\u021biei sociale, a dezvolt\u0103rii economice \u0219i a protej\u0103rii mediului \u00eenconjur\u0103tor.<\/h5>\n\n\n\n<p>Ziua Mondial\u0103 a ONG-urilor este o oportunitate pentru a celebra munca \u0219i eforturile acestor organiza\u021bii \u0219i pentru a cre\u0219te gradul de con\u0219tientizare a importan\u021bei lor \u00een lumea \u00een care tr\u0103im. Este, de asemenea, un moment \u00een care se pot discuta problemele cu care se confrunt\u0103 ONG-urile \u0219i s\u0103 se g\u0103seasc\u0103 solu\u021bii pentru a le ajuta s\u0103 \u00ee\u0219i \u00eendeplineasc\u0103 misiunile \u00eentr-un mod mai eficient \u0219i mai eficace.<\/p>\n\n\n\n<figure class=\"wp-block-embed is-type-wp-embed is-provider-world-ngo-day wp-block-embed-world-ngo-day\"><div class=\"wp-block-embed__wrapper\">\n<blockquote class=\"wp-embedded-content\" data-secret=\"DFIU6xOCDp\"><a href=\"https:\/\/worldngoday.org\/\">World NGO Day<\/a><\/blockquote><iframe loading=\"lazy\" class=\"wp-embedded-content\" sandbox=\"allow-scripts\" security=\"restricted\" style=\"position: absolute; clip: rect(1px, 1px, 1px, 1px);\" title=\"&#8220;World NGO Day&#8221; &#8212; World NGO Day\" src=\"https:\/\/worldngoday.org\/embed\/#?secret=DFIU6xOCDp\" data-secret=\"DFIU6xOCDp\" width=\"600\" height=\"338\" frameborder=\"0\" marginwidth=\"0\" marginheight=\"0\" scrolling=\"no\"><\/iframe>\n<\/div><\/figure>\n\n\n\n<h4 class=\"wp-block-heading\"><strong>27 februarie<\/strong>: Momente de amintit<\/h4>\n\n\n\n<p><em><strong>272<\/strong>: Se naste, Constantin cel Mare, \u00eemp\u0103rat roman.<\/em><\/p>\n\n\n\n<p>Constantin cel Mare  a fost un \u00eemp\u0103rat roman care a domnit din 306 p\u00e2n\u0103 \u00een 337. El este cunoscut pentru convertirea sa la cre\u0219tinism \u0219i pentru rolul s\u0103u \u00een stabilirea cre\u0219tinismului ca religie principal\u0103 a Imperiului Roman.<\/p>\n\n\n<div class=\"wp-block-image\">\n<figure class=\"alignright size-full\"><img loading=\"lazy\" decoding=\"async\" width=\"178\" height=\"216\" src=\"https:\/\/mindtime.ro\/wp-content\/uploads\/2023\/02\/Constantin-cel-MAre.jpg\" alt=\"\" class=\"wp-image-776\"\/><figcaption class=\"wp-element-caption\">Constantin cel Mare<\/figcaption><\/figure>\n<\/div>\n\n\n<p>Constantin s-a n\u0103scut \u00een 272 \u00een ora\u0219ul Naissus, \u00een provincia Moesia. Tat\u0103l s\u0103u, Constantius Chlorus, era un general roman \u0219i a devenit \u00eemp\u0103rat al Imperiului Roman de Apus \u00een 305. \u00cen acela\u0219i an, Constantin a preluat conducerea provinciei Galia, dup\u0103 moartea tat\u0103lui s\u0103u.<\/p>\n\n\n\n<p>\u00cen anul 312, Constantin a c\u00e2\u0219tigat o mare victorie \u00eempotriva rivalului s\u0103u, \u00eemp\u0103ratul Maxentius, \u00een b\u0103t\u0103lia de la Podul Milvius. \u00cenainte de b\u0103t\u0103lie, se spune c\u0103 ar fi v\u0103zut o cruce luminoas\u0103 pe cer, cu inscrip\u021bia &#8222;\u00cen acest semn vei birui&#8221;. Dup\u0103 victorie, Constantin a emis Edictul de la Milano \u00een 313, care a pus cap\u0103t persecu\u021biilor asupra cre\u0219tinilor \u0219i a garantat libertatea de credin\u021b\u0103 pentru to\u021bi cet\u0103\u021benii romani.<\/p>\n\n\n\n<p>\u00cen anii urm\u0103tori, Constantin a \u00eencercat s\u0103 unifice Imperiul Roman sub conducerea sa. \u00cen 324, a reu\u0219it s\u0103-l \u00eenving\u0103 pe Licinius, \u00eemp\u0103ratul de Est, \u0219i a devenit singurul \u00eemp\u0103rat al \u00eentregului Imperiu Roman. El a mutat capitala imperiului la Byzantium (mai t\u00e2rziu numit Constantinopol), care a devenit un important centru cultural \u0219i economic.<\/p>\n\n\n\n<p>Constantin a murit \u00een 337 la v\u00e2rsta de 65 de ani. Mo\u0219tenitorii s\u0103i au continuat s\u0103 domneasc\u0103 p\u00e2n\u0103 la c\u0103derea Imperiului Roman de Apus \u00een 476. Constantin este adesea considerat unul dintre cei mai mari \u00eemp\u0103ra\u021bi romani din istorie datorit\u0103 contribu\u021biei sale la stabilirea cre\u0219tinismului \u0219i la unificarea Imperiului Roman.Regenerate response<\/p>\n\n\n\n<h5 class=\"wp-block-heading\">27 Februarie 1470: \u0218tefan cel Mare atac\u0103 \u0219i incendiaz\u0103 ora\u0219ul Br\u0103ila \u00een \u00eencercarea sa de a scoate de sub influen\u021ba otoman\u0103 \u021aara Romaneasc\u0103 \u0219i de a-l \u00eendep\u0103rta pe Radu cel Frumos de la tron.<\/h5>\n\n\n\n<p><br>1594: Henric al IV-lea este \u00eencoronat rege al Fran\u021bei, pun\u00e2nd astfel bazele dinastiei Bourbonilor.<br>1626: Un edict promulgat de cardinalul Richelieu interzice practicarea duelurilor.<br>1700: Se descoper\u0103 Insula Noua Britanie.<\/p>\n\n\n\n<p>1711: Se naste, Constantin Mavrocordat, domnitor al \u021a\u0103rii Rom\u00e2ne\u0219ti \u0219i al Moldovei.<br>1844: Republica Dominican\u0103 \u00ee\u0219i c\u00e2\u0219tig\u0103 independen\u021ba fa\u021b\u0103 de Haiti.<br>1861: Trupele ruse\u0219ti trag asupra unei mul\u021bimi din Var\u0219ovia care protesta \u00eempotriva ocupa\u021biei ruse. Sunt uci\u0219i cinci protestatari.<\/p>\n\n\n\n<p>1872: Se naste, Alexandru Vaida-Voievod, politician rom\u00e2n.<br>1898: Regele George I al Greciei supravie\u021buie\u0219te unei \u00eencerc\u0103ri de asasinat.<br>1900: Este fondat Partidul Laburist britanic.<br>1900: Este fondat FC Bayern M\u00fcnchen.<br>1916: Armata austro-ungar\u0103 a ocupat ora\u0219ul albanez Durres<\/p>\n\n\n\n<p>1920: Moare, Alexandru D. Xenopol, economist, filosof, istoric, scriitor rom\u00e2n.<br>1932: Revista Nature a publicat un articol de James Chadwick prin care se descrie existen\u021ba neutronului<\/p>\n\n\n\n<p>1932: Se naste, Elisabeth Taylor, actri\u021b\u0103 american\u0103<br>1933: Cl\u0103direa Reichstag-ului german din Berlin a fost distrus\u0103 \u00eentr-un incendiu, moment-cheie \u00een preluarea puterii de c\u0103tre nazi\u0219ti \u00een Germania.<\/p>\n\n\n\n<h5 class=\"wp-block-heading\"><br>27 Februarie 1938: A fost promulgat\u0103 noua Constitu\u021bie a Rom\u00e2niei, prin care se introducea dictatura regal\u0103 a lui Carol al II\u2013lea \u0219i sf\u00e2r\u0219itul regimului parlamentar.<\/h5>\n\n\n\n<p><br>1940: Biochimi\u0219tii americani Martin Kamen \u0219i Sam Ruben descoper\u0103 izotopul carbon-14.<br>1951: \u00cen SUA intr\u0103 \u00een vigoare al 22-lea Amendament al Constitu\u021biei Statelor Unite care limiteaz\u0103 termenul preziden\u021bial la un maxim de dou\u0103 mandate.<br>1964: Guvernul italian anun\u021b\u0103 c\u0103 accept\u0103 sugestii cu privire la modul de a salva de la pr\u0103bu\u0219ire renumitul Turn \u00eenclinat din Pisa.<br>1967: Dominica \u00ee\u0219i c\u00e2\u0219tig\u0103 independen\u021ba fa\u021b\u0103 de Marea Britanie.<br>1991: R\u0103zboiul din Golf: Pre\u0219edintele american George Bush anun\u021b\u0103 &#8222;Kuwaitul este eliberat.&#8221;<br>1994: Alegeri legislative \u00een Republica Moldova<br>2003: Rowan Williams devine cel de-al 104-lea arhiepiscop de Canterbury al Bisericii Anglicane<br>2010: Un cutremur cu magnitudinea de 8,8 grade pe scara Richter a zguduit centrul statului Chile.<\/p>\n\n\n\n<p class=\"has-cyan-bluish-gray-background-color has-background\"><a href=\"http:\/\/radio.enjoychat.net:8024\/\">http:\/\/radio.enjoychat.net:8024\/<\/a>               <strong><em>by LaneyC<\/em><\/strong><\/p>\n","protected":false},"excerpt":{"rendered":"<p>Ziua&nbsp;Mondial\u0103 a ONG-urilor este s\u0103rb\u0103torit\u0103, \u00een fiecare an, la&nbsp;27 februarie, \u00een 89 de \u0163\u0103ri de pe \u015fase continente, iar ideea acesteia i-a apar\u0163inut t\u00e2n\u0103rului filantrop de origine leton\u0103 Marcis Liors Skadmanis. Aceast\u0103 zi este dedicat\u0103 recunoa\u0219terii \u0219i s\u0103rb\u0103toririi contribu\u021biilor semnificative pe care organiza\u021biile neguvernamentale (ONG-uri) le aduc societ\u0103\u021bii \u0219i comunit\u0103\u021bilor din \u00eentreaga lume. ONG-urile sunt &hellip; <a href=\"https:\/\/mindtime.ro\/index.php\/2024\/02\/26\/27-februarie-ziua-mondiala-a-ong-urilor\/\" class=\"more-link\">Continue reading <span class=\"screen-reader-text\">27 februarie &#8211; Ziua\u00a0Mondial\u0103 a ONG-urilor<\/span><\/a><\/p>\n","protected":false},"author":3,"featured_media":778,"comment_status":"open","ping_status":"open","sticky":true,"template":"","format":"standard","meta":{"footnotes":""},"categories":[10],"tags":[114,115],"class_list":["post-766","post","type-post","status-publish","format-standard","has-post-thumbnail","hentry","category-calendar","tag-27-februarie","tag-ong"],"yoast_head":"<!-- This site is optimized with the Yoast SEO plugin v27.5 - https:\/\/yoast.com\/product\/yoast-seo-wordpress\/ -->\n<title>27 februarie - Ziua\u00a0Mondial\u0103 a ONG-urilor - Mind Time<\/title>\n<meta name=\"description\" content=\"Ziua\u00a0Mondial\u0103 a ONG-urilor este s\u0103rb\u0103torit\u0103, \u00een fiecare an, la\u00a027 februarie, \u00een 89 de \u0163\u0103ri de pe \u015fase continente,\" \/>\n<meta name=\"robots\" content=\"index, follow, max-snippet:-1, max-image-preview:large, max-video-preview:-1\" \/>\n<link rel=\"canonical\" href=\"https:\/\/mindtime.ro\/index.php\/2024\/02\/26\/27-februarie-ziua-mondiala-a-ong-urilor\/\" \/>\n<meta property=\"og:locale\" content=\"ro_RO\" \/>\n<meta property=\"og:type\" content=\"article\" \/>\n<meta property=\"og:title\" content=\"27 februarie - Ziua\u00a0Mondial\u0103 a ONG-urilor - Mind Time\" \/>\n<meta property=\"og:description\" content=\"Ziua\u00a0Mondial\u0103 a ONG-urilor este s\u0103rb\u0103torit\u0103, \u00een fiecare an, la\u00a027 februarie, \u00een 89 de \u0163\u0103ri de pe \u015fase continente,\" \/>\n<meta property=\"og:url\" content=\"https:\/\/mindtime.ro\/index.php\/2024\/02\/26\/27-februarie-ziua-mondiala-a-ong-urilor\/\" \/>\n<meta property=\"og:site_name\" content=\"Mind Time\" \/>\n<meta property=\"article:published_time\" content=\"2024-02-26T12:11:01+00:00\" \/>\n<meta property=\"article:modified_time\" content=\"2024-02-26T12:11:02+00:00\" \/>\n<meta property=\"og:image\" content=\"https:\/\/mindtime.ro\/wp-content\/uploads\/2023\/02\/ong-e1677431741929.jpg\" \/>\n\t<meta property=\"og:image:width\" content=\"263\" \/>\n\t<meta property=\"og:image:height\" content=\"180\" \/>\n\t<meta property=\"og:image:type\" content=\"image\/jpeg\" \/>\n<meta name=\"author\" content=\"LaneyC\" \/>\n<meta name=\"twitter:card\" content=\"summary_large_image\" \/>\n<meta name=\"twitter:label1\" content=\"Scris de\" \/>\n\t<meta name=\"twitter:data1\" content=\"LaneyC\" \/>\n\t<meta name=\"twitter:label2\" content=\"Timp estimat pentru citire\" \/>\n\t<meta name=\"twitter:data2\" content=\"5 minute\" \/>\n<script type=\"application\/ld+json\" class=\"yoast-schema-graph\">{\"@context\":\"https:\\\/\\\/schema.org\",\"@graph\":[{\"@type\":\"Article\",\"@id\":\"https:\\\/\\\/mindtime.ro\\\/index.php\\\/2024\\\/02\\\/26\\\/27-februarie-ziua-mondiala-a-ong-urilor\\\/#article\",\"isPartOf\":{\"@id\":\"https:\\\/\\\/mindtime.ro\\\/index.php\\\/2024\\\/02\\\/26\\\/27-februarie-ziua-mondiala-a-ong-urilor\\\/\"},\"author\":{\"name\":\"LaneyC\",\"@id\":\"https:\\\/\\\/mindtime.ro\\\/#\\\/schema\\\/person\\\/6efe0e4bfa5462ebd155232d6cc887a2\"},\"headline\":\"27 februarie &#8211; Ziua\u00a0Mondial\u0103 a ONG-urilor\",\"datePublished\":\"2024-02-26T12:11:01+00:00\",\"dateModified\":\"2024-02-26T12:11:02+00:00\",\"mainEntityOfPage\":{\"@id\":\"https:\\\/\\\/mindtime.ro\\\/index.php\\\/2024\\\/02\\\/26\\\/27-februarie-ziua-mondiala-a-ong-urilor\\\/\"},\"wordCount\":848,\"commentCount\":0,\"image\":{\"@id\":\"https:\\\/\\\/mindtime.ro\\\/index.php\\\/2024\\\/02\\\/26\\\/27-februarie-ziua-mondiala-a-ong-urilor\\\/#primaryimage\"},\"thumbnailUrl\":\"https:\\\/\\\/mindtime.ro\\\/wp-content\\\/uploads\\\/2023\\\/02\\\/ong-e1677431741929.jpg\",\"keywords\":[\"27 februarie\",\"ONG\"],\"articleSection\":[\"Calendar\"],\"inLanguage\":\"ro-RO\",\"potentialAction\":[{\"@type\":\"CommentAction\",\"name\":\"Comment\",\"target\":[\"https:\\\/\\\/mindtime.ro\\\/index.php\\\/2024\\\/02\\\/26\\\/27-februarie-ziua-mondiala-a-ong-urilor\\\/#respond\"]}]},{\"@type\":\"WebPage\",\"@id\":\"https:\\\/\\\/mindtime.ro\\\/index.php\\\/2024\\\/02\\\/26\\\/27-februarie-ziua-mondiala-a-ong-urilor\\\/\",\"url\":\"https:\\\/\\\/mindtime.ro\\\/index.php\\\/2024\\\/02\\\/26\\\/27-februarie-ziua-mondiala-a-ong-urilor\\\/\",\"name\":\"27 februarie - Ziua\u00a0Mondial\u0103 a ONG-urilor - Mind Time\",\"isPartOf\":{\"@id\":\"https:\\\/\\\/mindtime.ro\\\/#website\"},\"primaryImageOfPage\":{\"@id\":\"https:\\\/\\\/mindtime.ro\\\/index.php\\\/2024\\\/02\\\/26\\\/27-februarie-ziua-mondiala-a-ong-urilor\\\/#primaryimage\"},\"image\":{\"@id\":\"https:\\\/\\\/mindtime.ro\\\/index.php\\\/2024\\\/02\\\/26\\\/27-februarie-ziua-mondiala-a-ong-urilor\\\/#primaryimage\"},\"thumbnailUrl\":\"https:\\\/\\\/mindtime.ro\\\/wp-content\\\/uploads\\\/2023\\\/02\\\/ong-e1677431741929.jpg\",\"datePublished\":\"2024-02-26T12:11:01+00:00\",\"dateModified\":\"2024-02-26T12:11:02+00:00\",\"author\":{\"@id\":\"https:\\\/\\\/mindtime.ro\\\/#\\\/schema\\\/person\\\/6efe0e4bfa5462ebd155232d6cc887a2\"},\"description\":\"Ziua\u00a0Mondial\u0103 a ONG-urilor este s\u0103rb\u0103torit\u0103, \u00een fiecare an, la\u00a027 februarie, \u00een 89 de \u0163\u0103ri de pe \u015fase continente,\",\"breadcrumb\":{\"@id\":\"https:\\\/\\\/mindtime.ro\\\/index.php\\\/2024\\\/02\\\/26\\\/27-februarie-ziua-mondiala-a-ong-urilor\\\/#breadcrumb\"},\"inLanguage\":\"ro-RO\",\"potentialAction\":[{\"@type\":\"ReadAction\",\"target\":[\"https:\\\/\\\/mindtime.ro\\\/index.php\\\/2024\\\/02\\\/26\\\/27-februarie-ziua-mondiala-a-ong-urilor\\\/\"]}]},{\"@type\":\"ImageObject\",\"inLanguage\":\"ro-RO\",\"@id\":\"https:\\\/\\\/mindtime.ro\\\/index.php\\\/2024\\\/02\\\/26\\\/27-februarie-ziua-mondiala-a-ong-urilor\\\/#primaryimage\",\"url\":\"https:\\\/\\\/mindtime.ro\\\/wp-content\\\/uploads\\\/2023\\\/02\\\/ong-e1677431741929.jpg\",\"contentUrl\":\"https:\\\/\\\/mindtime.ro\\\/wp-content\\\/uploads\\\/2023\\\/02\\\/ong-e1677431741929.jpg\",\"width\":263,\"height\":180},{\"@type\":\"BreadcrumbList\",\"@id\":\"https:\\\/\\\/mindtime.ro\\\/index.php\\\/2024\\\/02\\\/26\\\/27-februarie-ziua-mondiala-a-ong-urilor\\\/#breadcrumb\",\"itemListElement\":[{\"@type\":\"ListItem\",\"position\":1,\"name\":\"Prima pagin\u0103\",\"item\":\"https:\\\/\\\/mindtime.ro\\\/\"},{\"@type\":\"ListItem\",\"position\":2,\"name\":\"27 februarie &#8211; Ziua\u00a0Mondial\u0103 a ONG-urilor\"}]},{\"@type\":\"WebSite\",\"@id\":\"https:\\\/\\\/mindtime.ro\\\/#website\",\"url\":\"https:\\\/\\\/mindtime.ro\\\/\",\"name\":\"Mind Time\",\"description\":\"Relaxeaza-ti mintea !\",\"potentialAction\":[{\"@type\":\"SearchAction\",\"target\":{\"@type\":\"EntryPoint\",\"urlTemplate\":\"https:\\\/\\\/mindtime.ro\\\/?s={search_term_string}\"},\"query-input\":{\"@type\":\"PropertyValueSpecification\",\"valueRequired\":true,\"valueName\":\"search_term_string\"}}],\"inLanguage\":\"ro-RO\"},{\"@type\":\"Person\",\"@id\":\"https:\\\/\\\/mindtime.ro\\\/#\\\/schema\\\/person\\\/6efe0e4bfa5462ebd155232d6cc887a2\",\"name\":\"LaneyC\",\"image\":{\"@type\":\"ImageObject\",\"inLanguage\":\"ro-RO\",\"@id\":\"https:\\\/\\\/secure.gravatar.com\\\/avatar\\\/788abfddfb766c27a3406096a0f747b84cea126b13e84ba5cb61a96666f64663?s=96&d=mm&r=g\",\"url\":\"https:\\\/\\\/secure.gravatar.com\\\/avatar\\\/788abfddfb766c27a3406096a0f747b84cea126b13e84ba5cb61a96666f64663?s=96&d=mm&r=g\",\"contentUrl\":\"https:\\\/\\\/secure.gravatar.com\\\/avatar\\\/788abfddfb766c27a3406096a0f747b84cea126b13e84ba5cb61a96666f64663?s=96&d=mm&r=g\",\"caption\":\"LaneyC\"},\"sameAs\":[\"https:\\\/\\\/mindtime.ro\"],\"url\":\"https:\\\/\\\/mindtime.ro\\\/index.php\\\/author\\\/admin-2\\\/\"}]}<\/script>\n<!-- \/ Yoast SEO plugin. -->","yoast_head_json":{"title":"27 februarie - Ziua\u00a0Mondial\u0103 a ONG-urilor - Mind Time","description":"Ziua\u00a0Mondial\u0103 a ONG-urilor este s\u0103rb\u0103torit\u0103, \u00een fiecare an, la\u00a027 februarie, \u00een 89 de \u0163\u0103ri de pe \u015fase continente,","robots":{"index":"index","follow":"follow","max-snippet":"max-snippet:-1","max-image-preview":"max-image-preview:large","max-video-preview":"max-video-preview:-1"},"canonical":"https:\/\/mindtime.ro\/index.php\/2024\/02\/26\/27-februarie-ziua-mondiala-a-ong-urilor\/","og_locale":"ro_RO","og_type":"article","og_title":"27 februarie - Ziua\u00a0Mondial\u0103 a ONG-urilor - Mind Time","og_description":"Ziua\u00a0Mondial\u0103 a ONG-urilor este s\u0103rb\u0103torit\u0103, \u00een fiecare an, la\u00a027 februarie, \u00een 89 de \u0163\u0103ri de pe \u015fase continente,","og_url":"https:\/\/mindtime.ro\/index.php\/2024\/02\/26\/27-februarie-ziua-mondiala-a-ong-urilor\/","og_site_name":"Mind Time","article_published_time":"2024-02-26T12:11:01+00:00","article_modified_time":"2024-02-26T12:11:02+00:00","og_image":[{"width":263,"height":180,"url":"https:\/\/mindtime.ro\/wp-content\/uploads\/2023\/02\/ong-e1677431741929.jpg","type":"image\/jpeg"}],"author":"LaneyC","twitter_card":"summary_large_image","twitter_misc":{"Scris de":"LaneyC","Timp estimat pentru citire":"5 minute"},"schema":{"@context":"https:\/\/schema.org","@graph":[{"@type":"Article","@id":"https:\/\/mindtime.ro\/index.php\/2024\/02\/26\/27-februarie-ziua-mondiala-a-ong-urilor\/#article","isPartOf":{"@id":"https:\/\/mindtime.ro\/index.php\/2024\/02\/26\/27-februarie-ziua-mondiala-a-ong-urilor\/"},"author":{"name":"LaneyC","@id":"https:\/\/mindtime.ro\/#\/schema\/person\/6efe0e4bfa5462ebd155232d6cc887a2"},"headline":"27 februarie &#8211; Ziua\u00a0Mondial\u0103 a ONG-urilor","datePublished":"2024-02-26T12:11:01+00:00","dateModified":"2024-02-26T12:11:02+00:00","mainEntityOfPage":{"@id":"https:\/\/mindtime.ro\/index.php\/2024\/02\/26\/27-februarie-ziua-mondiala-a-ong-urilor\/"},"wordCount":848,"commentCount":0,"image":{"@id":"https:\/\/mindtime.ro\/index.php\/2024\/02\/26\/27-februarie-ziua-mondiala-a-ong-urilor\/#primaryimage"},"thumbnailUrl":"https:\/\/mindtime.ro\/wp-content\/uploads\/2023\/02\/ong-e1677431741929.jpg","keywords":["27 februarie","ONG"],"articleSection":["Calendar"],"inLanguage":"ro-RO","potentialAction":[{"@type":"CommentAction","name":"Comment","target":["https:\/\/mindtime.ro\/index.php\/2024\/02\/26\/27-februarie-ziua-mondiala-a-ong-urilor\/#respond"]}]},{"@type":"WebPage","@id":"https:\/\/mindtime.ro\/index.php\/2024\/02\/26\/27-februarie-ziua-mondiala-a-ong-urilor\/","url":"https:\/\/mindtime.ro\/index.php\/2024\/02\/26\/27-februarie-ziua-mondiala-a-ong-urilor\/","name":"27 februarie - Ziua\u00a0Mondial\u0103 a ONG-urilor - Mind Time","isPartOf":{"@id":"https:\/\/mindtime.ro\/#website"},"primaryImageOfPage":{"@id":"https:\/\/mindtime.ro\/index.php\/2024\/02\/26\/27-februarie-ziua-mondiala-a-ong-urilor\/#primaryimage"},"image":{"@id":"https:\/\/mindtime.ro\/index.php\/2024\/02\/26\/27-februarie-ziua-mondiala-a-ong-urilor\/#primaryimage"},"thumbnailUrl":"https:\/\/mindtime.ro\/wp-content\/uploads\/2023\/02\/ong-e1677431741929.jpg","datePublished":"2024-02-26T12:11:01+00:00","dateModified":"2024-02-26T12:11:02+00:00","author":{"@id":"https:\/\/mindtime.ro\/#\/schema\/person\/6efe0e4bfa5462ebd155232d6cc887a2"},"description":"Ziua\u00a0Mondial\u0103 a ONG-urilor este s\u0103rb\u0103torit\u0103, \u00een fiecare an, la\u00a027 februarie, \u00een 89 de \u0163\u0103ri de pe \u015fase continente,","breadcrumb":{"@id":"https:\/\/mindtime.ro\/index.php\/2024\/02\/26\/27-februarie-ziua-mondiala-a-ong-urilor\/#breadcrumb"},"inLanguage":"ro-RO","potentialAction":[{"@type":"ReadAction","target":["https:\/\/mindtime.ro\/index.php\/2024\/02\/26\/27-februarie-ziua-mondiala-a-ong-urilor\/"]}]},{"@type":"ImageObject","inLanguage":"ro-RO","@id":"https:\/\/mindtime.ro\/index.php\/2024\/02\/26\/27-februarie-ziua-mondiala-a-ong-urilor\/#primaryimage","url":"https:\/\/mindtime.ro\/wp-content\/uploads\/2023\/02\/ong-e1677431741929.jpg","contentUrl":"https:\/\/mindtime.ro\/wp-content\/uploads\/2023\/02\/ong-e1677431741929.jpg","width":263,"height":180},{"@type":"BreadcrumbList","@id":"https:\/\/mindtime.ro\/index.php\/2024\/02\/26\/27-februarie-ziua-mondiala-a-ong-urilor\/#breadcrumb","itemListElement":[{"@type":"ListItem","position":1,"name":"Prima pagin\u0103","item":"https:\/\/mindtime.ro\/"},{"@type":"ListItem","position":2,"name":"27 februarie &#8211; Ziua\u00a0Mondial\u0103 a ONG-urilor"}]},{"@type":"WebSite","@id":"https:\/\/mindtime.ro\/#website","url":"https:\/\/mindtime.ro\/","name":"Mind Time","description":"Relaxeaza-ti mintea !","potentialAction":[{"@type":"SearchAction","target":{"@type":"EntryPoint","urlTemplate":"https:\/\/mindtime.ro\/?s={search_term_string}"},"query-input":{"@type":"PropertyValueSpecification","valueRequired":true,"valueName":"search_term_string"}}],"inLanguage":"ro-RO"},{"@type":"Person","@id":"https:\/\/mindtime.ro\/#\/schema\/person\/6efe0e4bfa5462ebd155232d6cc887a2","name":"LaneyC","image":{"@type":"ImageObject","inLanguage":"ro-RO","@id":"https:\/\/secure.gravatar.com\/avatar\/788abfddfb766c27a3406096a0f747b84cea126b13e84ba5cb61a96666f64663?s=96&d=mm&r=g","url":"https:\/\/secure.gravatar.com\/avatar\/788abfddfb766c27a3406096a0f747b84cea126b13e84ba5cb61a96666f64663?s=96&d=mm&r=g","contentUrl":"https:\/\/secure.gravatar.com\/avatar\/788abfddfb766c27a3406096a0f747b84cea126b13e84ba5cb61a96666f64663?s=96&d=mm&r=g","caption":"LaneyC"},"sameAs":["https:\/\/mindtime.ro"],"url":"https:\/\/mindtime.ro\/index.php\/author\/admin-2\/"}]}},"_links":{"self":[{"href":"https:\/\/mindtime.ro\/index.php\/wp-json\/wp\/v2\/posts\/766","targetHints":{"allow":["GET"]}}],"collection":[{"href":"https:\/\/mindtime.ro\/index.php\/wp-json\/wp\/v2\/posts"}],"about":[{"href":"https:\/\/mindtime.ro\/index.php\/wp-json\/wp\/v2\/types\/post"}],"author":[{"embeddable":true,"href":"https:\/\/mindtime.ro\/index.php\/wp-json\/wp\/v2\/users\/3"}],"replies":[{"embeddable":true,"href":"https:\/\/mindtime.ro\/index.php\/wp-json\/wp\/v2\/comments?post=766"}],"version-history":[{"count":10,"href":"https:\/\/mindtime.ro\/index.php\/wp-json\/wp\/v2\/posts\/766\/revisions"}],"predecessor-version":[{"id":777,"href":"https:\/\/mindtime.ro\/index.php\/wp-json\/wp\/v2\/posts\/766\/revisions\/777"}],"wp:featuredmedia":[{"embeddable":true,"href":"https:\/\/mindtime.ro\/index.php\/wp-json\/wp\/v2\/media\/778"}],"wp:attachment":[{"href":"https:\/\/mindtime.ro\/index.php\/wp-json\/wp\/v2\/media?parent=766"}],"wp:term":[{"taxonomy":"category","embeddable":true,"href":"https:\/\/mindtime.ro\/index.php\/wp-json\/wp\/v2\/categories?post=766"},{"taxonomy":"post_tag","embeddable":true,"href":"https:\/\/mindtime.ro\/index.php\/wp-json\/wp\/v2\/tags?post=766"}],"curies":[{"name":"wp","href":"https:\/\/api.w.org\/{rel}","templated":true}]}}