{"id":649,"date":"2023-02-18T18:07:53","date_gmt":"2023-02-18T16:07:53","guid":{"rendered":"https:\/\/mindtime.ro\/?p=649"},"modified":"2025-12-10T16:57:14","modified_gmt":"2025-12-10T14:57:14","slug":"ce-stim-despre-radon","status":"publish","type":"post","link":"https:\/\/mindtime.ro\/index.php\/2023\/02\/18\/ce-stim-despre-radon\/","title":{"rendered":"Ce \u0219tim despre Radon?"},"content":{"rendered":"\n<p>Ce stim despre Radon si despre cum ne poate afecta? Cunoastem avertizari cu privire la alti indici care ne pot provoca probleme de sanatate dar  in zona noastra exista o problema careia ar trebui sa ii dam atentie.<\/p>\n\n\n\n<p>Radon este un gaz radioactiv inodor, incolor si insipid. Acesta se formeaza in mod natural din descompunerea radioactiva a uraniului si toriului care se gasesc in sol si rocile de sub suprafata pamantului. Radonul se poate infiltra in cladirile de la sol prin fisuri si cr\u0103p\u0103turi \u0219i se poate acumula la niveluri ridicate.<\/p>\n\n\n\n<p>Radonul este considerat a fi un carcinogen pulmonar. Inhalarea particulelor radioactive emise de acesta poate cauza muta\u021bii genetice care duc la dezvoltarea cancerului pulmonar. De aceea, monitorizarea nivelurilor de radon in cladirile de locuit si luarea de masuri pentru reducerea acestor niveluri este importanta pentru a proteja sanatatea oamenilor.<\/p>\n\n\n\n<p>Nivelurile de radon din Rom\u00e2nia variaz\u0103 \u00een func\u021bie de zon\u0103 \u0219i de tipul de sol \u0219i roc\u0103 din regiunea respectiv\u0103. \u00cen general, \u00een Rom\u00e2nia exist\u0103 zone cu niveluri ridicate de radon, precum zonele montane \u0219i colinare, unde solul \u0219i rocile con\u021bin cantit\u0103\u021bi semnificative de uraniu \u0219i toriu.<\/p>\n\n\n\n<p>Conform studiilor efectuate de autorit\u0103\u021bile rom\u00e2ne, nivelurile medii de radon din cl\u0103dirile de locuit din Rom\u00e2nia sunt de aproximativ 200 Bq\/m\u00b3. Acest nivel dep\u0103\u0219e\u0219te valoarea recomandat\u0103 de Organiza\u021bia Mondial\u0103 a S\u0103n\u0103t\u0103\u021bii (OMS), care este de 100 Bq\/m\u00b3. \u00cen unele zone, nivelurile de radon pot ajunge \u0219i la valori de peste 1000 Bq\/m\u00b3.<\/p>\n\n\n\n<p>Este important s\u0103 se efectueze m\u0103sur\u0103tori ale nivelurilor de radon din cl\u0103diri, pentru a identifica eventualele probleme \u0219i a lua m\u0103suri pentru a reduce expunerea la acest gaz radioactiv.<\/p>\n\n\n\n<h5 class=\"wp-block-heading has-very-light-gray-to-cyan-bluish-gray-gradient-background has-background\">\u00cen Rom\u00e2nia, m\u0103surarea nivelului de radon \u00een cl\u0103diri este de competen\u021ba Autorit\u0103\u021bii Na\u021bionale pentru Protec\u021bia Mediului (ANPM). <\/h5>\n\n\n\n<p>ANPM este o autoritate public\u0103 central\u0103 cu atribu\u021bii \u00een domeniul protec\u021biei mediului \u0219i monitorizeaz\u0103 calitatea aerului \u0219i a apei, inclusiv nivelul de radon din cl\u0103diri.<\/p>\n\n\n\n<p>ANPM stabile\u0219te procedurile \u0219i criteriile pentru m\u0103surarea nivelului  \u00een cl\u0103diri \u0219i este responsabil\u0103 de acredita\u021bia laboratoarelor care efectueaz\u0103 aceste m\u0103sur\u0103tori. De asemenea, ANPM monitorizeaz\u0103 datele colectate de laboratoare \u0219i le utilizeaz\u0103 pentru a dezvolta politicile \u0219i m\u0103surile de protec\u021bie a s\u0103n\u0103t\u0103\u021bii publice \u00eempotriva radonului.<\/p>\n\n\n\n<p>Exist\u0103 \u0219i companii private specializate care efectueaz\u0103 m\u0103sur\u0103tori de radon \u00een cl\u0103diri. Aceste companii sunt acreditate de ANPM. Ele trebuie s\u0103 respecte procedurile \u0219i criteriile stabilite de autoritatea de protec\u021bie a mediului.<\/p>\n\n\n\n<h5 class=\"wp-block-heading has-background\" style=\"background:linear-gradient(135deg,rgb(238,238,238) 57%,rgb(169,184,195) 100%)\">Din p\u0103cate, datele privind num\u0103rul exact de bolnavi de cancer pulmonar cauzat de expunerea la radon \u00een Rom\u00e2nia nu sunt disponibile, deoarece nu exist\u0103 o eviden\u021b\u0103 oficial\u0103 \u00een acest sens. <\/h5>\n\n\n\n<p>De\u0219i exist\u0103 studii care sugereaz\u0103 c\u0103 nivelurile ridicate de radon din anumite zone din Rom\u00e2nia pot fi responsabile pentru un num\u0103r semnificativ de cazuri de cancer pulmonar, aceste date sunt, \u00een general, estim\u0103ri \u0219i nu sunt disponibile informa\u021bii precise privind num\u0103rul de persoane afectate.<\/p>\n\n\n\n<p>In Rom\u00e2nia se fac eforturi pentru a reduce expunerea la radon \u0219i a preveni dezvoltarea cancerului pulmonar. Autorit\u0103\u021bile locale \u0219i na\u021bionale au implementat programe de monitorizare \u0219i reducere a nivelurilor de radon din cl\u0103diri. Proprietarii de case sunt \u00eencuraja\u021bi s\u0103 efectueze m\u0103sur\u0103tori periodice pentru a identifica \u0219i remedia eventualele probleme.<\/p>\n\n\n\n<p>\u00cen multe \u021b\u0103ri, exist\u0103 limite \u0219i standarde pentru nivelurile admise \u00een cl\u0103diri. Se \u00eencurajeaz\u0103 proprietarii de case s\u0103 efectueze m\u0103sur\u0103tori pentru a identifica \u0219i remedia eventualele probleme. De asemenea, exist\u0103 eforturi pentru a reduce nivelurile de radon \u00een sol \u0219i roc\u0103 prin diverse metode, cum ar fi ventila\u021bia solului \u0219i acoperirea cu straturi de material impermeabil.<\/p>\n\n\n\n<p>\u00cen orice caz, expunerea la radon este o problem\u0103 serioas\u0103 de s\u0103n\u0103tate public\u0103. Eforturile de a preveni expunerea la acest gaz radioactiv ar trebui s\u0103 fie o prioritate \u00een toate \u021b\u0103rile.<\/p>\n\n\n\n<h2 class=\"wp-block-heading has-text-align-right has-white-color has-black-background-color has-text-color has-background has-link-color wp-elements-c09dfdf44fee925544e0828b35e6e34f\">By kizzi<\/h2>\n\n\n<ul class=\"wp-block-latest-posts__list wp-block-latest-posts\"><li><a class=\"wp-block-latest-posts__post-title\" href=\"https:\/\/mindtime.ro\/index.php\/2026\/04\/17\/hristos-a-inviat-dragi-oameni\/\">Hristos a \u00eenviat, dragi oameni!<\/a><\/li>\n<li><a class=\"wp-block-latest-posts__post-title\" href=\"https:\/\/mindtime.ro\/index.php\/2026\/04\/13\/la-voronet-in-seara-invierii\/\">La Vorone\u021b (\u00een seara \u00cenvierii)<\/a><\/li>\n<li><a class=\"wp-block-latest-posts__post-title\" href=\"https:\/\/mindtime.ro\/index.php\/2026\/02\/10\/anul-nou-chinezesc-2026-anul-calului\/\">Anul Nou Chinezesc 2026: Anul Calului<\/a><\/li>\n<li><a class=\"wp-block-latest-posts__post-title\" href=\"https:\/\/mindtime.ro\/index.php\/2026\/01\/19\/otrovertul-o-noua-descriere-de-personalitate\/\">Otrovertul, o nou\u0103 descriere de personalitate<\/a><\/li>\n<li><a class=\"wp-block-latest-posts__post-title\" href=\"https:\/\/mindtime.ro\/index.php\/2025\/12\/18\/coronita-de-craciun-semnificatii-si-traditie\/\">Coroni\u021ba de Cr\u0103ciun: semnifica\u021bii \u0219i tradi\u021bie<\/a><\/li>\n<\/ul>","protected":false},"excerpt":{"rendered":"<p>Ce stim despre Radon si despre cum ne poate afecta? Cunoastem avertizari cu privire la alti indici care ne pot provoca probleme de sanatate dar in zona noastra exista o problema careia ar trebui sa ii dam atentie. Radon este un gaz radioactiv inodor, incolor si insipid. Acesta se formeaza in mod natural din descompunerea &hellip; <a href=\"https:\/\/mindtime.ro\/index.php\/2023\/02\/18\/ce-stim-despre-radon\/\" class=\"more-link\">Continue reading <span class=\"screen-reader-text\">Ce \u0219tim despre Radon?<\/span><\/a><\/p>\n","protected":false},"author":3,"featured_media":651,"comment_status":"open","ping_status":"open","sticky":true,"template":"","format":"standard","meta":{"footnotes":""},"categories":[86,9,223],"tags":[84,83,82],"class_list":["post-649","post","type-post","status-publish","format-standard","has-post-thumbnail","hentry","category-health","category-lifethings","category-stiati-ca","tag-cancer-pulmonar","tag-masuratori-de-radon","tag-radon"],"yoast_head":"<!-- This site is optimized with the Yoast SEO plugin v27.5 - https:\/\/yoast.com\/product\/yoast-seo-wordpress\/ -->\n<title>Ce \u0219tim despre Radon? - Mind Time<\/title>\n<meta name=\"description\" content=\"Radonul este considerat a fi un carcinogen pulmonar. Inhalarea particulelor radioactive emise de acesta poate cauza muta\u021bii genetice care duc la dezvoltarea cancerului pulmonar.\" \/>\n<meta name=\"robots\" content=\"index, follow, max-snippet:-1, max-image-preview:large, max-video-preview:-1\" \/>\n<link rel=\"canonical\" href=\"https:\/\/mindtime.ro\/index.php\/2023\/02\/18\/ce-stim-despre-radon\/\" \/>\n<meta property=\"og:locale\" content=\"ro_RO\" \/>\n<meta property=\"og:type\" content=\"article\" \/>\n<meta property=\"og:title\" content=\"Ce \u0219tim despre Radon? - Mind Time\" \/>\n<meta property=\"og:description\" content=\"Radonul este considerat a fi un carcinogen pulmonar. Inhalarea particulelor radioactive emise de acesta poate cauza muta\u021bii genetice care duc la dezvoltarea cancerului pulmonar.\" \/>\n<meta property=\"og:url\" content=\"https:\/\/mindtime.ro\/index.php\/2023\/02\/18\/ce-stim-despre-radon\/\" \/>\n<meta property=\"og:site_name\" content=\"Mind Time\" \/>\n<meta property=\"article:published_time\" content=\"2023-02-18T16:07:53+00:00\" \/>\n<meta property=\"article:modified_time\" content=\"2025-12-10T14:57:14+00:00\" \/>\n<meta property=\"og:image\" content=\"https:\/\/mindtime.ro\/wp-content\/uploads\/2023\/02\/radon-e1676736283251.jpg\" \/>\n\t<meta property=\"og:image:width\" content=\"400\" \/>\n\t<meta property=\"og:image:height\" content=\"209\" \/>\n\t<meta property=\"og:image:type\" content=\"image\/jpeg\" \/>\n<meta name=\"author\" content=\"LaneyC\" \/>\n<meta name=\"twitter:card\" content=\"summary_large_image\" \/>\n<meta name=\"twitter:label1\" content=\"Scris de\" \/>\n\t<meta name=\"twitter:data1\" content=\"LaneyC\" \/>\n\t<meta name=\"twitter:label2\" content=\"Timp estimat pentru citire\" \/>\n\t<meta name=\"twitter:data2\" content=\"4 minute\" \/>\n<script type=\"application\/ld+json\" class=\"yoast-schema-graph\">{\"@context\":\"https:\\\/\\\/schema.org\",\"@graph\":[{\"@type\":\"Article\",\"@id\":\"https:\\\/\\\/mindtime.ro\\\/index.php\\\/2023\\\/02\\\/18\\\/ce-stim-despre-radon\\\/#article\",\"isPartOf\":{\"@id\":\"https:\\\/\\\/mindtime.ro\\\/index.php\\\/2023\\\/02\\\/18\\\/ce-stim-despre-radon\\\/\"},\"author\":{\"name\":\"LaneyC\",\"@id\":\"https:\\\/\\\/mindtime.ro\\\/#\\\/schema\\\/person\\\/6efe0e4bfa5462ebd155232d6cc887a2\"},\"headline\":\"Ce \u0219tim despre Radon?\",\"datePublished\":\"2023-02-18T16:07:53+00:00\",\"dateModified\":\"2025-12-10T14:57:14+00:00\",\"mainEntityOfPage\":{\"@id\":\"https:\\\/\\\/mindtime.ro\\\/index.php\\\/2023\\\/02\\\/18\\\/ce-stim-despre-radon\\\/\"},\"wordCount\":672,\"commentCount\":0,\"image\":{\"@id\":\"https:\\\/\\\/mindtime.ro\\\/index.php\\\/2023\\\/02\\\/18\\\/ce-stim-despre-radon\\\/#primaryimage\"},\"thumbnailUrl\":\"https:\\\/\\\/mindtime.ro\\\/wp-content\\\/uploads\\\/2023\\\/02\\\/radon-e1676736283251.jpg\",\"keywords\":[\"Cancer pulmonar\",\"MAsuratori de radon\",\"Radon\"],\"articleSection\":[\"Health\",\"LifeThings\",\"\u015etia\u0163i c\u0103\"],\"inLanguage\":\"ro-RO\",\"potentialAction\":[{\"@type\":\"CommentAction\",\"name\":\"Comment\",\"target\":[\"https:\\\/\\\/mindtime.ro\\\/index.php\\\/2023\\\/02\\\/18\\\/ce-stim-despre-radon\\\/#respond\"]}]},{\"@type\":\"WebPage\",\"@id\":\"https:\\\/\\\/mindtime.ro\\\/index.php\\\/2023\\\/02\\\/18\\\/ce-stim-despre-radon\\\/\",\"url\":\"https:\\\/\\\/mindtime.ro\\\/index.php\\\/2023\\\/02\\\/18\\\/ce-stim-despre-radon\\\/\",\"name\":\"Ce \u0219tim despre Radon? - Mind Time\",\"isPartOf\":{\"@id\":\"https:\\\/\\\/mindtime.ro\\\/#website\"},\"primaryImageOfPage\":{\"@id\":\"https:\\\/\\\/mindtime.ro\\\/index.php\\\/2023\\\/02\\\/18\\\/ce-stim-despre-radon\\\/#primaryimage\"},\"image\":{\"@id\":\"https:\\\/\\\/mindtime.ro\\\/index.php\\\/2023\\\/02\\\/18\\\/ce-stim-despre-radon\\\/#primaryimage\"},\"thumbnailUrl\":\"https:\\\/\\\/mindtime.ro\\\/wp-content\\\/uploads\\\/2023\\\/02\\\/radon-e1676736283251.jpg\",\"datePublished\":\"2023-02-18T16:07:53+00:00\",\"dateModified\":\"2025-12-10T14:57:14+00:00\",\"author\":{\"@id\":\"https:\\\/\\\/mindtime.ro\\\/#\\\/schema\\\/person\\\/6efe0e4bfa5462ebd155232d6cc887a2\"},\"description\":\"Radonul este considerat a fi un carcinogen pulmonar. Inhalarea particulelor radioactive emise de acesta poate cauza muta\u021bii genetice care duc la dezvoltarea cancerului pulmonar.\",\"breadcrumb\":{\"@id\":\"https:\\\/\\\/mindtime.ro\\\/index.php\\\/2023\\\/02\\\/18\\\/ce-stim-despre-radon\\\/#breadcrumb\"},\"inLanguage\":\"ro-RO\",\"potentialAction\":[{\"@type\":\"ReadAction\",\"target\":[\"https:\\\/\\\/mindtime.ro\\\/index.php\\\/2023\\\/02\\\/18\\\/ce-stim-despre-radon\\\/\"]}]},{\"@type\":\"ImageObject\",\"inLanguage\":\"ro-RO\",\"@id\":\"https:\\\/\\\/mindtime.ro\\\/index.php\\\/2023\\\/02\\\/18\\\/ce-stim-despre-radon\\\/#primaryimage\",\"url\":\"https:\\\/\\\/mindtime.ro\\\/wp-content\\\/uploads\\\/2023\\\/02\\\/radon-e1676736283251.jpg\",\"contentUrl\":\"https:\\\/\\\/mindtime.ro\\\/wp-content\\\/uploads\\\/2023\\\/02\\\/radon-e1676736283251.jpg\",\"width\":400,\"height\":209},{\"@type\":\"BreadcrumbList\",\"@id\":\"https:\\\/\\\/mindtime.ro\\\/index.php\\\/2023\\\/02\\\/18\\\/ce-stim-despre-radon\\\/#breadcrumb\",\"itemListElement\":[{\"@type\":\"ListItem\",\"position\":1,\"name\":\"Prima pagin\u0103\",\"item\":\"https:\\\/\\\/mindtime.ro\\\/\"},{\"@type\":\"ListItem\",\"position\":2,\"name\":\"Ce \u0219tim despre Radon?\"}]},{\"@type\":\"WebSite\",\"@id\":\"https:\\\/\\\/mindtime.ro\\\/#website\",\"url\":\"https:\\\/\\\/mindtime.ro\\\/\",\"name\":\"Mind Time\",\"description\":\"Relaxeaza-ti mintea !\",\"potentialAction\":[{\"@type\":\"SearchAction\",\"target\":{\"@type\":\"EntryPoint\",\"urlTemplate\":\"https:\\\/\\\/mindtime.ro\\\/?s={search_term_string}\"},\"query-input\":{\"@type\":\"PropertyValueSpecification\",\"valueRequired\":true,\"valueName\":\"search_term_string\"}}],\"inLanguage\":\"ro-RO\"},{\"@type\":\"Person\",\"@id\":\"https:\\\/\\\/mindtime.ro\\\/#\\\/schema\\\/person\\\/6efe0e4bfa5462ebd155232d6cc887a2\",\"name\":\"LaneyC\",\"image\":{\"@type\":\"ImageObject\",\"inLanguage\":\"ro-RO\",\"@id\":\"https:\\\/\\\/secure.gravatar.com\\\/avatar\\\/788abfddfb766c27a3406096a0f747b84cea126b13e84ba5cb61a96666f64663?s=96&d=mm&r=g\",\"url\":\"https:\\\/\\\/secure.gravatar.com\\\/avatar\\\/788abfddfb766c27a3406096a0f747b84cea126b13e84ba5cb61a96666f64663?s=96&d=mm&r=g\",\"contentUrl\":\"https:\\\/\\\/secure.gravatar.com\\\/avatar\\\/788abfddfb766c27a3406096a0f747b84cea126b13e84ba5cb61a96666f64663?s=96&d=mm&r=g\",\"caption\":\"LaneyC\"},\"sameAs\":[\"https:\\\/\\\/mindtime.ro\"],\"url\":\"https:\\\/\\\/mindtime.ro\\\/index.php\\\/author\\\/admin-2\\\/\"}]}<\/script>\n<!-- \/ Yoast SEO plugin. -->","yoast_head_json":{"title":"Ce \u0219tim despre Radon? - Mind Time","description":"Radonul este considerat a fi un carcinogen pulmonar. Inhalarea particulelor radioactive emise de acesta poate cauza muta\u021bii genetice care duc la dezvoltarea cancerului pulmonar.","robots":{"index":"index","follow":"follow","max-snippet":"max-snippet:-1","max-image-preview":"max-image-preview:large","max-video-preview":"max-video-preview:-1"},"canonical":"https:\/\/mindtime.ro\/index.php\/2023\/02\/18\/ce-stim-despre-radon\/","og_locale":"ro_RO","og_type":"article","og_title":"Ce \u0219tim despre Radon? - Mind Time","og_description":"Radonul este considerat a fi un carcinogen pulmonar. Inhalarea particulelor radioactive emise de acesta poate cauza muta\u021bii genetice care duc la dezvoltarea cancerului pulmonar.","og_url":"https:\/\/mindtime.ro\/index.php\/2023\/02\/18\/ce-stim-despre-radon\/","og_site_name":"Mind Time","article_published_time":"2023-02-18T16:07:53+00:00","article_modified_time":"2025-12-10T14:57:14+00:00","og_image":[{"width":400,"height":209,"url":"https:\/\/mindtime.ro\/wp-content\/uploads\/2023\/02\/radon-e1676736283251.jpg","type":"image\/jpeg"}],"author":"LaneyC","twitter_card":"summary_large_image","twitter_misc":{"Scris de":"LaneyC","Timp estimat pentru citire":"4 minute"},"schema":{"@context":"https:\/\/schema.org","@graph":[{"@type":"Article","@id":"https:\/\/mindtime.ro\/index.php\/2023\/02\/18\/ce-stim-despre-radon\/#article","isPartOf":{"@id":"https:\/\/mindtime.ro\/index.php\/2023\/02\/18\/ce-stim-despre-radon\/"},"author":{"name":"LaneyC","@id":"https:\/\/mindtime.ro\/#\/schema\/person\/6efe0e4bfa5462ebd155232d6cc887a2"},"headline":"Ce \u0219tim despre Radon?","datePublished":"2023-02-18T16:07:53+00:00","dateModified":"2025-12-10T14:57:14+00:00","mainEntityOfPage":{"@id":"https:\/\/mindtime.ro\/index.php\/2023\/02\/18\/ce-stim-despre-radon\/"},"wordCount":672,"commentCount":0,"image":{"@id":"https:\/\/mindtime.ro\/index.php\/2023\/02\/18\/ce-stim-despre-radon\/#primaryimage"},"thumbnailUrl":"https:\/\/mindtime.ro\/wp-content\/uploads\/2023\/02\/radon-e1676736283251.jpg","keywords":["Cancer pulmonar","MAsuratori de radon","Radon"],"articleSection":["Health","LifeThings","\u015etia\u0163i c\u0103"],"inLanguage":"ro-RO","potentialAction":[{"@type":"CommentAction","name":"Comment","target":["https:\/\/mindtime.ro\/index.php\/2023\/02\/18\/ce-stim-despre-radon\/#respond"]}]},{"@type":"WebPage","@id":"https:\/\/mindtime.ro\/index.php\/2023\/02\/18\/ce-stim-despre-radon\/","url":"https:\/\/mindtime.ro\/index.php\/2023\/02\/18\/ce-stim-despre-radon\/","name":"Ce \u0219tim despre Radon? - Mind Time","isPartOf":{"@id":"https:\/\/mindtime.ro\/#website"},"primaryImageOfPage":{"@id":"https:\/\/mindtime.ro\/index.php\/2023\/02\/18\/ce-stim-despre-radon\/#primaryimage"},"image":{"@id":"https:\/\/mindtime.ro\/index.php\/2023\/02\/18\/ce-stim-despre-radon\/#primaryimage"},"thumbnailUrl":"https:\/\/mindtime.ro\/wp-content\/uploads\/2023\/02\/radon-e1676736283251.jpg","datePublished":"2023-02-18T16:07:53+00:00","dateModified":"2025-12-10T14:57:14+00:00","author":{"@id":"https:\/\/mindtime.ro\/#\/schema\/person\/6efe0e4bfa5462ebd155232d6cc887a2"},"description":"Radonul este considerat a fi un carcinogen pulmonar. Inhalarea particulelor radioactive emise de acesta poate cauza muta\u021bii genetice care duc la dezvoltarea cancerului pulmonar.","breadcrumb":{"@id":"https:\/\/mindtime.ro\/index.php\/2023\/02\/18\/ce-stim-despre-radon\/#breadcrumb"},"inLanguage":"ro-RO","potentialAction":[{"@type":"ReadAction","target":["https:\/\/mindtime.ro\/index.php\/2023\/02\/18\/ce-stim-despre-radon\/"]}]},{"@type":"ImageObject","inLanguage":"ro-RO","@id":"https:\/\/mindtime.ro\/index.php\/2023\/02\/18\/ce-stim-despre-radon\/#primaryimage","url":"https:\/\/mindtime.ro\/wp-content\/uploads\/2023\/02\/radon-e1676736283251.jpg","contentUrl":"https:\/\/mindtime.ro\/wp-content\/uploads\/2023\/02\/radon-e1676736283251.jpg","width":400,"height":209},{"@type":"BreadcrumbList","@id":"https:\/\/mindtime.ro\/index.php\/2023\/02\/18\/ce-stim-despre-radon\/#breadcrumb","itemListElement":[{"@type":"ListItem","position":1,"name":"Prima pagin\u0103","item":"https:\/\/mindtime.ro\/"},{"@type":"ListItem","position":2,"name":"Ce \u0219tim despre Radon?"}]},{"@type":"WebSite","@id":"https:\/\/mindtime.ro\/#website","url":"https:\/\/mindtime.ro\/","name":"Mind Time","description":"Relaxeaza-ti mintea !","potentialAction":[{"@type":"SearchAction","target":{"@type":"EntryPoint","urlTemplate":"https:\/\/mindtime.ro\/?s={search_term_string}"},"query-input":{"@type":"PropertyValueSpecification","valueRequired":true,"valueName":"search_term_string"}}],"inLanguage":"ro-RO"},{"@type":"Person","@id":"https:\/\/mindtime.ro\/#\/schema\/person\/6efe0e4bfa5462ebd155232d6cc887a2","name":"LaneyC","image":{"@type":"ImageObject","inLanguage":"ro-RO","@id":"https:\/\/secure.gravatar.com\/avatar\/788abfddfb766c27a3406096a0f747b84cea126b13e84ba5cb61a96666f64663?s=96&d=mm&r=g","url":"https:\/\/secure.gravatar.com\/avatar\/788abfddfb766c27a3406096a0f747b84cea126b13e84ba5cb61a96666f64663?s=96&d=mm&r=g","contentUrl":"https:\/\/secure.gravatar.com\/avatar\/788abfddfb766c27a3406096a0f747b84cea126b13e84ba5cb61a96666f64663?s=96&d=mm&r=g","caption":"LaneyC"},"sameAs":["https:\/\/mindtime.ro"],"url":"https:\/\/mindtime.ro\/index.php\/author\/admin-2\/"}]}},"_links":{"self":[{"href":"https:\/\/mindtime.ro\/index.php\/wp-json\/wp\/v2\/posts\/649","targetHints":{"allow":["GET"]}}],"collection":[{"href":"https:\/\/mindtime.ro\/index.php\/wp-json\/wp\/v2\/posts"}],"about":[{"href":"https:\/\/mindtime.ro\/index.php\/wp-json\/wp\/v2\/types\/post"}],"author":[{"embeddable":true,"href":"https:\/\/mindtime.ro\/index.php\/wp-json\/wp\/v2\/users\/3"}],"replies":[{"embeddable":true,"href":"https:\/\/mindtime.ro\/index.php\/wp-json\/wp\/v2\/comments?post=649"}],"version-history":[{"count":13,"href":"https:\/\/mindtime.ro\/index.php\/wp-json\/wp\/v2\/posts\/649\/revisions"}],"predecessor-version":[{"id":1989,"href":"https:\/\/mindtime.ro\/index.php\/wp-json\/wp\/v2\/posts\/649\/revisions\/1989"}],"wp:featuredmedia":[{"embeddable":true,"href":"https:\/\/mindtime.ro\/index.php\/wp-json\/wp\/v2\/media\/651"}],"wp:attachment":[{"href":"https:\/\/mindtime.ro\/index.php\/wp-json\/wp\/v2\/media?parent=649"}],"wp:term":[{"taxonomy":"category","embeddable":true,"href":"https:\/\/mindtime.ro\/index.php\/wp-json\/wp\/v2\/categories?post=649"},{"taxonomy":"post_tag","embeddable":true,"href":"https:\/\/mindtime.ro\/index.php\/wp-json\/wp\/v2\/tags?post=649"}],"curies":[{"name":"wp","href":"https:\/\/api.w.org\/{rel}","templated":true}]}}