{"id":608,"date":"2024-02-18T13:53:00","date_gmt":"2024-02-18T11:53:00","guid":{"rendered":"https:\/\/mindtime.ro\/?p=608"},"modified":"2025-12-10T16:49:55","modified_gmt":"2025-12-10T14:49:55","slug":"18-februarie-1745-se-naste-alessandro-volta-fizician-italian","status":"publish","type":"post","link":"https:\/\/mindtime.ro\/index.php\/2024\/02\/18\/18-februarie-1745-se-naste-alessandro-volta-fizician-italian\/","title":{"rendered":"18 Februarie 1745: Se naste, Alessandro Volta, fizician italian"},"content":{"rendered":"\n<p>18 Februarie 1745: Se naste, Alessandro Volta, fizician italian, inventatorul bateriei. Aceasta data a fost aleasa pentru a marca Ziua Bateriei. Istoricul marc\u0103rii acestui eveniment provine din Statele Unite ale Americii. <\/p>\n\n\n\n<p>Semnifica\u021bia acestei zile este recunoa\u0219terea faptului c\u00e2t de importante sunt bateriile \u00een via\u021ba noastr\u0103. <\/p>\n\n\n\n<p>De la inventarea primei baterii, a\u0219a numita pil\u0103 voltaic\u0103, \u00een anul 1800 de c\u0103tre fizicianul italian Alessandro Volta, actualmente bateriile au devenit o surs\u0103 de electricitate comun\u0103 multor aplica\u021bii at\u00e2t din aria casnic\u0103, c\u00e2t \u0219i din aria industrial\u0103.<\/p>\n\n\n\n<p>Alessandro Volta s-a n\u0103scut \u00een ora\u0219ul italian Como, \u00eentr-o familie nobil\u0103. A studiat \u00een \u0219colile publice din ora\u0219ul s\u0103u.A intrat apoi, \u00een 1758, la colegiul iezuit. De la v\u00e2rsta de 14 ani \u00eencepe s\u0103 fie atras de \u0219tiin\u021b\u0103 \u0219i refuz\u0103 s\u0103 urmeze cariera bisericeasc\u0103, o tradi\u021bie \u00een familia sa. \u00cen anul 1769 public\u0103 prima sa lucrare despre electricitate. <\/p>\n\n\n\n<p>Aceasta atrage aten\u021bia asupra sa \u0219i \u00eel ajut\u0103 s\u0103 ob\u021bin\u0103 postul de profesor de fizic\u0103 la liceul din Como, unde a activat \u00eentre anii 1774-1779.<\/p>\n\n\n\n<h5 class=\"wp-block-heading has-text-align-right has-pale-ocean-gradient-background has-background\" id=\"tw-target-text\">\u201e<em>Trebuie s\u0103 fii gata s\u0103 renun\u021bi chiar \u0219i la cele mai atractive idei atunci c\u00e2nd experimentul arat\u0103 c\u0103 acestea sunt gre\u0219ite.\u201d                                     Alessandro Volta<\/em><\/h5>\n\n\n\n<p>Volta \u00ee\u0219i continu\u0103 studiile \u0219i experimentele, devine cunoscut, iar \u00een anul 1779 ob\u021bine numirea \u00een func\u021bia de profesor la Universitatea din Pavia. Aici continu\u0103 munca \u00een domeniul electricit\u0103\u021bii \u0219i face o serie de inven\u021bii revolu\u021bionare. Acestea  \u00eei aduc importante distinc\u021bii, printre care medalia Copley (1791) a Royal Society din Londra al c\u0103rui membru era, Legiunea de onoare \u0219i altele.<\/p>\n\n\n\n<p>\u00cen anul 1801 Napoleon \u00eel invit\u0103 la Paris \u0219i \u00eei acord\u0103 statutul de membru al Institut de France \u0219i \u00eel nume\u0219te conte, iar mai t\u00e2rziu senator al Lombardiei, \u00een 1810. Cea mai mare onoare a primit-o din partea comunit\u0103\u021bii oamenilor de \u0219tiin\u021b\u0103, care, \u00een cinstea lui, au numit unitatea de m\u0103sur\u0103 pentru for\u021ba electromotoare \u0219i poten\u021bial electric \u2013 &#8222;volt&#8221;.<\/p>\n\n\n\n<h5 class=\"wp-block-heading has-pale-ocean-gradient-background has-background\">Contribu\u021biile sale \u00een domeniul fizicii \u0219i al electricit\u0103\u021bii au fost deosebit de importante. <\/h5>\n\n\n\n<p>Acestea au fost punctul de plecare pentru numeroase cercet\u0103ri \u0219i descoperiri ulterioare. A f\u0103cut cercet\u0103ri \u0219i \u00een domeniile chimiei si (\u00een 1778 a fost primul savant care a izolat metanul, principalul constituent al gazului natural), meteorologiei (a inventat electrometrul, instrument de m\u0103surare a electricit\u0103\u021bii atmosferice).<\/p>\n\n\n\n<p>A inventat: electroforul (un instrument pentru acumularea de electricitate static\u0103 \u2013 care st\u0103 la baza condensatoarelor utilizate \u0219i ast\u0103zi) (1774), electroscopul (un instrument care permite eviden\u021bierea diferen\u021belor de poten\u021bial) (1779) si prima baterie electric\u0103 din istorie, a\u0219a-numita &#8222;pil\u0103 voltaic\u0103&#8221; &#8211; &#8222;str\u0103mo\u0219ul&#8221; bateriilor electrice, ce permitea transformarea energiei chimice \u00een energie electric\u0103. (1800)<\/p>\n\n\n\n<h5 class=\"wp-block-heading has-pale-ocean-gradient-background has-background\">Cu ocazia Zilei Interna\u021bionale a Bateriilor sunt organizate serie de ac\u021biuni de con\u0219tientizare pentru a aminti publicului larg traseul corect al bateriilor consumate, la reciclare. <\/h5>\n\n\n\n<p>Din p\u0103cate, anual, milioane de baterii portabile ajung la groapa de gunoi, eliber\u00e2nd substan\u021be nocive \u00een sol \u0219i ulterior \u00een p\u00e2nza freatic\u0103, pun\u00e2nd astfel \u00een pericol s\u0103n\u0103tatea noastr\u0103, a tuturor.<\/p>\n\n\n\n<p>Pred\u00e2nd spre reciclare bateriile uzate recuper\u0103m metale care pot fi reutilizate: din&nbsp;<strong>100 de kilograme de baterii putem recupera p\u00e2n\u0103 la 65 kg de materii prime.<\/strong><\/p>\n\n\n\n<h5 class=\"wp-block-heading\"><strong>Unde putem duce bateriile uzate?<\/strong><\/h5>\n\n\n\n<p><strong>Magazinele care comercializeaz\u0103 baterii \u0219i acumulatori de\u021bin recipiente de colectare<\/strong>&nbsp;<strong>dedicate de\u0219eurilor de baterii.<\/strong>&nbsp;Se poate sa identifica\u021bi cel mai apropiat punct de colectare al bateriilor uzate portabile din cele peste cele&nbsp;<strong><em>9070 din re\u021beaua ECOTIC BAT<\/em><\/strong>&nbsp;<a href=\"https:\/\/www.ecotic.ro\/puncte-de-colectare\/\">www.ecotic.ro\/puncte-de-colectare\/<\/a><\/p>\n\n\n\n<h2 class=\"wp-block-heading has-pale-ocean-gradient-background has-background\">18 Februarie: Momente de amintit<\/h2>\n\n\n\n<p>1395: Regele Ungariei, Sigismund de Luxemburg, a acordat privilegii comerciale negustorilor bra\u0219oveni.<br>1745: Se naste, Alessandro Volta, fizician italian.<br>1854: A \u00eenceput construirea liniilor de telegraf electric Bucure\u0219ti\u2013Giurgiu, Bucure\u0219ti\u2013Ploie\u0219ti\u2013Bra\u0219ov, Timi\u0219oara\u2013Lugoj\u2013Or\u0219ova, f\u0103c\u00e2ndu-se astfel legatura dintre liniile telegrafice din \u021aara Rom\u00e2neasc\u0103 \u0219i cele din Transilvania.<\/p>\n\n\n\n<p>1883:Se naste, Nicolae D\u0103r\u0103scu, pictor rom\u00e2n.<\/p>\n\n\n\n<p>1898: Se naste, Enzo Ferrari, pilot de curse \u0219i anteprenor italian, fondatorul Scuderiei Ferrari \u0219i companiei auto Ferrari.<br><strong>1929: <\/strong>A avut loc prima transmisie de teatru radiofonic la Radiodifuziunea Rom\u00e2n\u0103.<br><strong>1929<\/strong>: La Hollywood, California, au fost decernate primele trofee ale Academiei Americane de Film.<br><em><strong>1930: <\/strong>Descoperirea celei de-a noua planete a Sistemului Solar, Pluto, de c\u0103tre astronomul american, Clyde Tombaugh. \u00cen 2006, Pluto va fi retrogradat\u0103 la statutul de planet\u0103 pitic\u0103.<\/em><\/p>\n\n\n\n<p>1934: Se naste, Adina Caloenescu, pictor, grafician \u0219i gravor rom\u00e2n.<\/p>\n\n\n\n<p><strong>1938<\/strong>: Se naste, Ion Stendl, artist plastic rom\u00e2n.<br><strong>1941<\/strong>: Pentru a asigura ordinea tulburat\u0103 de rebeliunea legionar\u0103 din ianuarie 1941, generalul Ion Antonescu a ini\u021biat o serie de decrete printre care \u0219i Decretul din 18 februarie 1941 prin care institu\u021biile \u0219i \u00eentreprinderile mai importante din \u021bar\u0103 au fost militarizate, indiferent dac\u0103 erau proprietate de stat sau privat\u0103.<\/p>\n\n\n\n<p><strong>1954<\/strong>: Se naste, John Travolta, actor \u0219i c\u00e2ntare\u021b american.<\/p>\n\n\n\n<p><strong>1955:<\/strong> Se naste, Constantin Cotimanis, actor rom\u00e2n.<\/p>\n\n\n\n<h5 class=\"wp-block-heading\">18 Februarie <strong>1564<\/strong>: Michelangelo Buonarroti, sculptor, pictor, arhitect \u0219i poet italian<\/h5>\n\n\n\n<p><strong>1964<\/strong>: Moare, George L\u00f6vendal, pictor de origine danezo-norvegian\u0103, care a activat \u00een Rom\u00e2nia.<\/p>\n\n\n\n<p><strong>1965<\/strong>: Se naste, Dr. Dre, rapper, produc\u0103tor de \u00eenregistrare, antreprenor, inginer audio, compozitor \u0219i actor american.<\/p>\n\n\n\n<p><strong>1967<\/strong>: Se naste, Roberto Baggio, fotbalist italian.<\/p>\n\n\n\n<p><strong>1980<\/strong>: Se naste, Cezar Ouatu, interpret rom\u00e2n de oper\u0103, pop-opera \u0219i pianist.<br><strong>2006:<\/strong> Are loc cel mai mare concert al trupei The Rolling Stones, \u00een fa\u021ba a aproximativ 1,2 milioane de oameni pe plaja Copacabana din Rio de Janeiro, Brazilia.<\/p>\n\n\n\n<p><strong>2008<\/strong>: Moare, Mihaela Mitrache, actri\u021b\u0103 rom\u00e2n\u0103 de teatru \u0219i film.<\/p>\n\n\n\n<p><strong>2014<\/strong>: Se naste, Ruxandra Sireteanu, actri\u021b\u0103 rom\u00e2n\u0103 de teatru \u0219i film.<br><strong>2017<\/strong>: Filmul Ana, mon amour, al regizorului C\u0103lin Peter Netzer, a c\u00e2\u0219tigat Ursul de Argint, pentru cea mai bun\u0103 contribu\u021bie artistic\u0103, \u00een cadrul galei de premiere a Festivalului Interna\u021bional de Film de la Berlin. Premiul a fost acordat Danei Bunescu pentru montajul filmului.<br><strong>2021<\/strong>: Misiunea NASA Mars 2020 (care con\u021bine roverul Perseverance \u0219i drona elicopter Ingenuity) aterizeaz\u0103 pe Marte la craterul Jezero, dup\u0103 \u0219apte luni de c\u0103l\u0103torie.<\/p>\n\n\n\n<h2 class=\"wp-block-heading has-text-align-right has-white-color has-black-background-color has-text-color has-background has-link-color wp-elements-c09dfdf44fee925544e0828b35e6e34f\">By kizzi<\/h2>\n\n\n<ul class=\"wp-block-latest-posts__list wp-block-latest-posts\"><li><a class=\"wp-block-latest-posts__post-title\" href=\"https:\/\/mindtime.ro\/index.php\/2026\/04\/17\/hristos-a-inviat-dragi-oameni\/\">Hristos a \u00eenviat, dragi oameni!<\/a><\/li>\n<li><a class=\"wp-block-latest-posts__post-title\" href=\"https:\/\/mindtime.ro\/index.php\/2026\/04\/13\/la-voronet-in-seara-invierii\/\">La Vorone\u021b (\u00een seara \u00cenvierii)<\/a><\/li>\n<li><a class=\"wp-block-latest-posts__post-title\" href=\"https:\/\/mindtime.ro\/index.php\/2026\/02\/10\/anul-nou-chinezesc-2026-anul-calului\/\">Anul Nou Chinezesc 2026: Anul Calului<\/a><\/li>\n<li><a class=\"wp-block-latest-posts__post-title\" href=\"https:\/\/mindtime.ro\/index.php\/2026\/01\/19\/otrovertul-o-noua-descriere-de-personalitate\/\">Otrovertul, o nou\u0103 descriere de personalitate<\/a><\/li>\n<li><a class=\"wp-block-latest-posts__post-title\" href=\"https:\/\/mindtime.ro\/index.php\/2025\/12\/18\/coronita-de-craciun-semnificatii-si-traditie\/\">Coroni\u021ba de Cr\u0103ciun: semnifica\u021bii \u0219i tradi\u021bie<\/a><\/li>\n<\/ul>","protected":false},"excerpt":{"rendered":"<p>18 Februarie 1745: Se naste, Alessandro Volta, fizician italian, inventatorul bateriei. Aceasta data a fost aleasa pentru a marca Ziua Bateriei. Istoricul marc\u0103rii acestui eveniment provine din Statele Unite ale Americii. Semnifica\u021bia acestei zile este recunoa\u0219terea faptului c\u00e2t de importante sunt bateriile \u00een via\u021ba noastr\u0103. De la inventarea primei baterii, a\u0219a numita pil\u0103 voltaic\u0103, \u00een &hellip; <a href=\"https:\/\/mindtime.ro\/index.php\/2024\/02\/18\/18-februarie-1745-se-naste-alessandro-volta-fizician-italian\/\" class=\"more-link\">Continue reading <span class=\"screen-reader-text\">18 Februarie 1745: Se naste, Alessandro Volta, fizician italian<\/span><\/a><\/p>\n","protected":false},"author":3,"featured_media":634,"comment_status":"open","ping_status":"open","sticky":true,"template":"","format":"standard","meta":{"footnotes":""},"categories":[10],"tags":[79,78,77],"class_list":["post-608","post","type-post","status-publish","format-standard","has-post-thumbnail","hentry","category-calendar","tag-18-februarie","tag-alessandro-volta","tag-ziua-bateriei"],"yoast_head":"<!-- This site is optimized with the Yoast SEO plugin v27.5 - https:\/\/yoast.com\/product\/yoast-seo-wordpress\/ -->\n<title>18 Februarie 1745: Se naste, Alessandro Volta, fizician italian - Mind Time<\/title>\n<meta name=\"description\" content=\"18 Februarie. Aceasta data a fost aleasa pentru a marca Ziua Bateriei.\" \/>\n<meta name=\"robots\" content=\"index, follow, max-snippet:-1, max-image-preview:large, max-video-preview:-1\" \/>\n<link rel=\"canonical\" href=\"https:\/\/mindtime.ro\/index.php\/2024\/02\/18\/18-februarie-1745-se-naste-alessandro-volta-fizician-italian\/\" \/>\n<meta property=\"og:locale\" content=\"ro_RO\" \/>\n<meta property=\"og:type\" content=\"article\" \/>\n<meta property=\"og:title\" content=\"18 Februarie 1745: Se naste, Alessandro Volta, fizician italian - Mind Time\" \/>\n<meta property=\"og:description\" content=\"18 Februarie. Aceasta data a fost aleasa pentru a marca Ziua Bateriei.\" \/>\n<meta property=\"og:url\" content=\"https:\/\/mindtime.ro\/index.php\/2024\/02\/18\/18-februarie-1745-se-naste-alessandro-volta-fizician-italian\/\" \/>\n<meta property=\"og:site_name\" content=\"Mind Time\" \/>\n<meta property=\"article:published_time\" content=\"2024-02-18T11:53:00+00:00\" \/>\n<meta property=\"article:modified_time\" content=\"2025-12-10T14:49:55+00:00\" \/>\n<meta property=\"og:image\" content=\"https:\/\/mindtime.ro\/wp-content\/uploads\/2023\/02\/Alessandro-Volta-e1676721184665.jpg\" \/>\n\t<meta property=\"og:image:width\" content=\"400\" \/>\n\t<meta property=\"og:image:height\" content=\"268\" \/>\n\t<meta property=\"og:image:type\" content=\"image\/jpeg\" \/>\n<meta name=\"author\" content=\"LaneyC\" \/>\n<meta name=\"twitter:card\" content=\"summary_large_image\" \/>\n<meta name=\"twitter:label1\" content=\"Scris de\" \/>\n\t<meta name=\"twitter:data1\" content=\"LaneyC\" \/>\n\t<meta name=\"twitter:label2\" content=\"Timp estimat pentru citire\" \/>\n\t<meta name=\"twitter:data2\" content=\"6 minute\" \/>\n<script type=\"application\/ld+json\" class=\"yoast-schema-graph\">{\"@context\":\"https:\\\/\\\/schema.org\",\"@graph\":[{\"@type\":\"Article\",\"@id\":\"https:\\\/\\\/mindtime.ro\\\/index.php\\\/2024\\\/02\\\/18\\\/18-februarie-1745-se-naste-alessandro-volta-fizician-italian\\\/#article\",\"isPartOf\":{\"@id\":\"https:\\\/\\\/mindtime.ro\\\/index.php\\\/2024\\\/02\\\/18\\\/18-februarie-1745-se-naste-alessandro-volta-fizician-italian\\\/\"},\"author\":{\"name\":\"LaneyC\",\"@id\":\"https:\\\/\\\/mindtime.ro\\\/#\\\/schema\\\/person\\\/6efe0e4bfa5462ebd155232d6cc887a2\"},\"headline\":\"18 Februarie 1745: Se naste, Alessandro Volta, fizician italian\",\"datePublished\":\"2024-02-18T11:53:00+00:00\",\"dateModified\":\"2025-12-10T14:49:55+00:00\",\"mainEntityOfPage\":{\"@id\":\"https:\\\/\\\/mindtime.ro\\\/index.php\\\/2024\\\/02\\\/18\\\/18-februarie-1745-se-naste-alessandro-volta-fizician-italian\\\/\"},\"wordCount\":998,\"commentCount\":0,\"image\":{\"@id\":\"https:\\\/\\\/mindtime.ro\\\/index.php\\\/2024\\\/02\\\/18\\\/18-februarie-1745-se-naste-alessandro-volta-fizician-italian\\\/#primaryimage\"},\"thumbnailUrl\":\"https:\\\/\\\/mindtime.ro\\\/wp-content\\\/uploads\\\/2023\\\/02\\\/Alessandro-Volta-e1676721184665.jpg\",\"keywords\":[\"18 Februarie\",\"Alessandro Volta\",\"Ziua Bateriei\"],\"articleSection\":[\"Calendar\"],\"inLanguage\":\"ro-RO\",\"potentialAction\":[{\"@type\":\"CommentAction\",\"name\":\"Comment\",\"target\":[\"https:\\\/\\\/mindtime.ro\\\/index.php\\\/2024\\\/02\\\/18\\\/18-februarie-1745-se-naste-alessandro-volta-fizician-italian\\\/#respond\"]}]},{\"@type\":\"WebPage\",\"@id\":\"https:\\\/\\\/mindtime.ro\\\/index.php\\\/2024\\\/02\\\/18\\\/18-februarie-1745-se-naste-alessandro-volta-fizician-italian\\\/\",\"url\":\"https:\\\/\\\/mindtime.ro\\\/index.php\\\/2024\\\/02\\\/18\\\/18-februarie-1745-se-naste-alessandro-volta-fizician-italian\\\/\",\"name\":\"18 Februarie 1745: Se naste, Alessandro Volta, fizician italian - Mind Time\",\"isPartOf\":{\"@id\":\"https:\\\/\\\/mindtime.ro\\\/#website\"},\"primaryImageOfPage\":{\"@id\":\"https:\\\/\\\/mindtime.ro\\\/index.php\\\/2024\\\/02\\\/18\\\/18-februarie-1745-se-naste-alessandro-volta-fizician-italian\\\/#primaryimage\"},\"image\":{\"@id\":\"https:\\\/\\\/mindtime.ro\\\/index.php\\\/2024\\\/02\\\/18\\\/18-februarie-1745-se-naste-alessandro-volta-fizician-italian\\\/#primaryimage\"},\"thumbnailUrl\":\"https:\\\/\\\/mindtime.ro\\\/wp-content\\\/uploads\\\/2023\\\/02\\\/Alessandro-Volta-e1676721184665.jpg\",\"datePublished\":\"2024-02-18T11:53:00+00:00\",\"dateModified\":\"2025-12-10T14:49:55+00:00\",\"author\":{\"@id\":\"https:\\\/\\\/mindtime.ro\\\/#\\\/schema\\\/person\\\/6efe0e4bfa5462ebd155232d6cc887a2\"},\"description\":\"18 Februarie. Aceasta data a fost aleasa pentru a marca Ziua Bateriei.\",\"breadcrumb\":{\"@id\":\"https:\\\/\\\/mindtime.ro\\\/index.php\\\/2024\\\/02\\\/18\\\/18-februarie-1745-se-naste-alessandro-volta-fizician-italian\\\/#breadcrumb\"},\"inLanguage\":\"ro-RO\",\"potentialAction\":[{\"@type\":\"ReadAction\",\"target\":[\"https:\\\/\\\/mindtime.ro\\\/index.php\\\/2024\\\/02\\\/18\\\/18-februarie-1745-se-naste-alessandro-volta-fizician-italian\\\/\"]}]},{\"@type\":\"ImageObject\",\"inLanguage\":\"ro-RO\",\"@id\":\"https:\\\/\\\/mindtime.ro\\\/index.php\\\/2024\\\/02\\\/18\\\/18-februarie-1745-se-naste-alessandro-volta-fizician-italian\\\/#primaryimage\",\"url\":\"https:\\\/\\\/mindtime.ro\\\/wp-content\\\/uploads\\\/2023\\\/02\\\/Alessandro-Volta-e1676721184665.jpg\",\"contentUrl\":\"https:\\\/\\\/mindtime.ro\\\/wp-content\\\/uploads\\\/2023\\\/02\\\/Alessandro-Volta-e1676721184665.jpg\",\"width\":400,\"height\":268},{\"@type\":\"BreadcrumbList\",\"@id\":\"https:\\\/\\\/mindtime.ro\\\/index.php\\\/2024\\\/02\\\/18\\\/18-februarie-1745-se-naste-alessandro-volta-fizician-italian\\\/#breadcrumb\",\"itemListElement\":[{\"@type\":\"ListItem\",\"position\":1,\"name\":\"Prima pagin\u0103\",\"item\":\"https:\\\/\\\/mindtime.ro\\\/\"},{\"@type\":\"ListItem\",\"position\":2,\"name\":\"18 Februarie 1745: Se naste, Alessandro Volta, fizician italian\"}]},{\"@type\":\"WebSite\",\"@id\":\"https:\\\/\\\/mindtime.ro\\\/#website\",\"url\":\"https:\\\/\\\/mindtime.ro\\\/\",\"name\":\"Mind Time\",\"description\":\"Relaxeaza-ti mintea !\",\"potentialAction\":[{\"@type\":\"SearchAction\",\"target\":{\"@type\":\"EntryPoint\",\"urlTemplate\":\"https:\\\/\\\/mindtime.ro\\\/?s={search_term_string}\"},\"query-input\":{\"@type\":\"PropertyValueSpecification\",\"valueRequired\":true,\"valueName\":\"search_term_string\"}}],\"inLanguage\":\"ro-RO\"},{\"@type\":\"Person\",\"@id\":\"https:\\\/\\\/mindtime.ro\\\/#\\\/schema\\\/person\\\/6efe0e4bfa5462ebd155232d6cc887a2\",\"name\":\"LaneyC\",\"image\":{\"@type\":\"ImageObject\",\"inLanguage\":\"ro-RO\",\"@id\":\"https:\\\/\\\/secure.gravatar.com\\\/avatar\\\/788abfddfb766c27a3406096a0f747b84cea126b13e84ba5cb61a96666f64663?s=96&d=mm&r=g\",\"url\":\"https:\\\/\\\/secure.gravatar.com\\\/avatar\\\/788abfddfb766c27a3406096a0f747b84cea126b13e84ba5cb61a96666f64663?s=96&d=mm&r=g\",\"contentUrl\":\"https:\\\/\\\/secure.gravatar.com\\\/avatar\\\/788abfddfb766c27a3406096a0f747b84cea126b13e84ba5cb61a96666f64663?s=96&d=mm&r=g\",\"caption\":\"LaneyC\"},\"sameAs\":[\"https:\\\/\\\/mindtime.ro\"],\"url\":\"https:\\\/\\\/mindtime.ro\\\/index.php\\\/author\\\/admin-2\\\/\"}]}<\/script>\n<!-- \/ Yoast SEO plugin. -->","yoast_head_json":{"title":"18 Februarie 1745: Se naste, Alessandro Volta, fizician italian - Mind Time","description":"18 Februarie. Aceasta data a fost aleasa pentru a marca Ziua Bateriei.","robots":{"index":"index","follow":"follow","max-snippet":"max-snippet:-1","max-image-preview":"max-image-preview:large","max-video-preview":"max-video-preview:-1"},"canonical":"https:\/\/mindtime.ro\/index.php\/2024\/02\/18\/18-februarie-1745-se-naste-alessandro-volta-fizician-italian\/","og_locale":"ro_RO","og_type":"article","og_title":"18 Februarie 1745: Se naste, Alessandro Volta, fizician italian - Mind Time","og_description":"18 Februarie. Aceasta data a fost aleasa pentru a marca Ziua Bateriei.","og_url":"https:\/\/mindtime.ro\/index.php\/2024\/02\/18\/18-februarie-1745-se-naste-alessandro-volta-fizician-italian\/","og_site_name":"Mind Time","article_published_time":"2024-02-18T11:53:00+00:00","article_modified_time":"2025-12-10T14:49:55+00:00","og_image":[{"width":400,"height":268,"url":"https:\/\/mindtime.ro\/wp-content\/uploads\/2023\/02\/Alessandro-Volta-e1676721184665.jpg","type":"image\/jpeg"}],"author":"LaneyC","twitter_card":"summary_large_image","twitter_misc":{"Scris de":"LaneyC","Timp estimat pentru citire":"6 minute"},"schema":{"@context":"https:\/\/schema.org","@graph":[{"@type":"Article","@id":"https:\/\/mindtime.ro\/index.php\/2024\/02\/18\/18-februarie-1745-se-naste-alessandro-volta-fizician-italian\/#article","isPartOf":{"@id":"https:\/\/mindtime.ro\/index.php\/2024\/02\/18\/18-februarie-1745-se-naste-alessandro-volta-fizician-italian\/"},"author":{"name":"LaneyC","@id":"https:\/\/mindtime.ro\/#\/schema\/person\/6efe0e4bfa5462ebd155232d6cc887a2"},"headline":"18 Februarie 1745: Se naste, Alessandro Volta, fizician italian","datePublished":"2024-02-18T11:53:00+00:00","dateModified":"2025-12-10T14:49:55+00:00","mainEntityOfPage":{"@id":"https:\/\/mindtime.ro\/index.php\/2024\/02\/18\/18-februarie-1745-se-naste-alessandro-volta-fizician-italian\/"},"wordCount":998,"commentCount":0,"image":{"@id":"https:\/\/mindtime.ro\/index.php\/2024\/02\/18\/18-februarie-1745-se-naste-alessandro-volta-fizician-italian\/#primaryimage"},"thumbnailUrl":"https:\/\/mindtime.ro\/wp-content\/uploads\/2023\/02\/Alessandro-Volta-e1676721184665.jpg","keywords":["18 Februarie","Alessandro Volta","Ziua Bateriei"],"articleSection":["Calendar"],"inLanguage":"ro-RO","potentialAction":[{"@type":"CommentAction","name":"Comment","target":["https:\/\/mindtime.ro\/index.php\/2024\/02\/18\/18-februarie-1745-se-naste-alessandro-volta-fizician-italian\/#respond"]}]},{"@type":"WebPage","@id":"https:\/\/mindtime.ro\/index.php\/2024\/02\/18\/18-februarie-1745-se-naste-alessandro-volta-fizician-italian\/","url":"https:\/\/mindtime.ro\/index.php\/2024\/02\/18\/18-februarie-1745-se-naste-alessandro-volta-fizician-italian\/","name":"18 Februarie 1745: Se naste, Alessandro Volta, fizician italian - Mind Time","isPartOf":{"@id":"https:\/\/mindtime.ro\/#website"},"primaryImageOfPage":{"@id":"https:\/\/mindtime.ro\/index.php\/2024\/02\/18\/18-februarie-1745-se-naste-alessandro-volta-fizician-italian\/#primaryimage"},"image":{"@id":"https:\/\/mindtime.ro\/index.php\/2024\/02\/18\/18-februarie-1745-se-naste-alessandro-volta-fizician-italian\/#primaryimage"},"thumbnailUrl":"https:\/\/mindtime.ro\/wp-content\/uploads\/2023\/02\/Alessandro-Volta-e1676721184665.jpg","datePublished":"2024-02-18T11:53:00+00:00","dateModified":"2025-12-10T14:49:55+00:00","author":{"@id":"https:\/\/mindtime.ro\/#\/schema\/person\/6efe0e4bfa5462ebd155232d6cc887a2"},"description":"18 Februarie. Aceasta data a fost aleasa pentru a marca Ziua Bateriei.","breadcrumb":{"@id":"https:\/\/mindtime.ro\/index.php\/2024\/02\/18\/18-februarie-1745-se-naste-alessandro-volta-fizician-italian\/#breadcrumb"},"inLanguage":"ro-RO","potentialAction":[{"@type":"ReadAction","target":["https:\/\/mindtime.ro\/index.php\/2024\/02\/18\/18-februarie-1745-se-naste-alessandro-volta-fizician-italian\/"]}]},{"@type":"ImageObject","inLanguage":"ro-RO","@id":"https:\/\/mindtime.ro\/index.php\/2024\/02\/18\/18-februarie-1745-se-naste-alessandro-volta-fizician-italian\/#primaryimage","url":"https:\/\/mindtime.ro\/wp-content\/uploads\/2023\/02\/Alessandro-Volta-e1676721184665.jpg","contentUrl":"https:\/\/mindtime.ro\/wp-content\/uploads\/2023\/02\/Alessandro-Volta-e1676721184665.jpg","width":400,"height":268},{"@type":"BreadcrumbList","@id":"https:\/\/mindtime.ro\/index.php\/2024\/02\/18\/18-februarie-1745-se-naste-alessandro-volta-fizician-italian\/#breadcrumb","itemListElement":[{"@type":"ListItem","position":1,"name":"Prima pagin\u0103","item":"https:\/\/mindtime.ro\/"},{"@type":"ListItem","position":2,"name":"18 Februarie 1745: Se naste, Alessandro Volta, fizician italian"}]},{"@type":"WebSite","@id":"https:\/\/mindtime.ro\/#website","url":"https:\/\/mindtime.ro\/","name":"Mind Time","description":"Relaxeaza-ti mintea !","potentialAction":[{"@type":"SearchAction","target":{"@type":"EntryPoint","urlTemplate":"https:\/\/mindtime.ro\/?s={search_term_string}"},"query-input":{"@type":"PropertyValueSpecification","valueRequired":true,"valueName":"search_term_string"}}],"inLanguage":"ro-RO"},{"@type":"Person","@id":"https:\/\/mindtime.ro\/#\/schema\/person\/6efe0e4bfa5462ebd155232d6cc887a2","name":"LaneyC","image":{"@type":"ImageObject","inLanguage":"ro-RO","@id":"https:\/\/secure.gravatar.com\/avatar\/788abfddfb766c27a3406096a0f747b84cea126b13e84ba5cb61a96666f64663?s=96&d=mm&r=g","url":"https:\/\/secure.gravatar.com\/avatar\/788abfddfb766c27a3406096a0f747b84cea126b13e84ba5cb61a96666f64663?s=96&d=mm&r=g","contentUrl":"https:\/\/secure.gravatar.com\/avatar\/788abfddfb766c27a3406096a0f747b84cea126b13e84ba5cb61a96666f64663?s=96&d=mm&r=g","caption":"LaneyC"},"sameAs":["https:\/\/mindtime.ro"],"url":"https:\/\/mindtime.ro\/index.php\/author\/admin-2\/"}]}},"_links":{"self":[{"href":"https:\/\/mindtime.ro\/index.php\/wp-json\/wp\/v2\/posts\/608","targetHints":{"allow":["GET"]}}],"collection":[{"href":"https:\/\/mindtime.ro\/index.php\/wp-json\/wp\/v2\/posts"}],"about":[{"href":"https:\/\/mindtime.ro\/index.php\/wp-json\/wp\/v2\/types\/post"}],"author":[{"embeddable":true,"href":"https:\/\/mindtime.ro\/index.php\/wp-json\/wp\/v2\/users\/3"}],"replies":[{"embeddable":true,"href":"https:\/\/mindtime.ro\/index.php\/wp-json\/wp\/v2\/comments?post=608"}],"version-history":[{"count":24,"href":"https:\/\/mindtime.ro\/index.php\/wp-json\/wp\/v2\/posts\/608\/revisions"}],"predecessor-version":[{"id":1982,"href":"https:\/\/mindtime.ro\/index.php\/wp-json\/wp\/v2\/posts\/608\/revisions\/1982"}],"wp:featuredmedia":[{"embeddable":true,"href":"https:\/\/mindtime.ro\/index.php\/wp-json\/wp\/v2\/media\/634"}],"wp:attachment":[{"href":"https:\/\/mindtime.ro\/index.php\/wp-json\/wp\/v2\/media?parent=608"}],"wp:term":[{"taxonomy":"category","embeddable":true,"href":"https:\/\/mindtime.ro\/index.php\/wp-json\/wp\/v2\/categories?post=608"},{"taxonomy":"post_tag","embeddable":true,"href":"https:\/\/mindtime.ro\/index.php\/wp-json\/wp\/v2\/tags?post=608"}],"curies":[{"name":"wp","href":"https:\/\/api.w.org\/{rel}","templated":true}]}}