{"id":559,"date":"2024-02-14T17:56:24","date_gmt":"2024-02-14T15:56:24","guid":{"rendered":"https:\/\/mindtime.ro\/?p=559"},"modified":"2024-02-14T18:03:33","modified_gmt":"2024-02-14T16:03:33","slug":"15-februarie-ziua-internationala-a-copilului-bolnav-de-cancer","status":"publish","type":"post","link":"https:\/\/mindtime.ro\/index.php\/2024\/02\/14\/15-februarie-ziua-internationala-a-copilului-bolnav-de-cancer\/","title":{"rendered":"15 februarie, Ziua Interna\u021bionala a copilului bolnav de cancer"},"content":{"rendered":"\n<p>\u00cen 2003, Confedera\u021bia Interna\u021bional\u0103 a Organiza\u021biilor P\u0103rin\u021bilor cu Copii Bolnavi de Cancer a declarat data de 15 februarie c\u0103 fiind Ziua Interna\u021bional\u0103 a Copilului cu Cancer. <\/p>\n\n\n\n<p>Aceasta este  o campanie global\u0103 ce are ca scop sensibilizarea privind copiii diagnostica\u021bi cu cancer, precum \u0219i nevoile acestora. Ini\u0163iativa marc\u0103rii acestei zile a fost luat\u0103 \u00een 2002, de c\u0103tre organiza\u0163ia Childhood Cancer International, pentru a promova campanii de colaborare \u015fi de sensibilizare la nivel mondial \u00een problema copiilor bolnavi de cancer \u015fi a exprima sus\u0163inerea fa\u0163\u0103 de copiii \u015fi adolescen\u0163ii diagnostica\u0163i cu cancer, dar \u015fi fa\u0163\u0103 de familiile lor.<\/p>\n\n\n\n<p>Childhood Cancer International (CCI) reprezint\u0103 o re\u0163ea mondial\u0103 alc\u0103tuit\u0103 din 167 de re\u0163ele la nivel local \u015fi na\u0163ional alc\u0103tuite din organiza\u0163ii \u00eenfiin\u0163ate \u00een 90 de \u0163\u0103ri de pe cinci continente.<\/p>\n\n\n\n<p>Obiectivul \u0163int\u0103 al Organiza\u0163iei Mondiale a S\u0103n\u0103t\u0103\u0163ii este de a elimina toate durerile \u015fi suferin\u0163ele copiilor care lupt\u0103 \u00eempotriva cancerului. De asemenea, se urmareste a se atinge un procent de supravie\u0163uire de cel pu\u0163in 60% pentru to\u0163i copiii diagnostica\u0163i cu cancer din \u00eentreaga lume p\u00e2n\u0103 \u00een 2030&#8243;, noteaz\u0103 site-ul&nbsp;<a href=\"http:\/\/www.internationalchildhoodcancerday.org\/\">www.internationalchildhoodcancerday.org<\/a>.<\/p>\n\n\n\n<h2 class=\"wp-block-heading\">15 Februarie: Evenimente de amintit<\/h2>\n\n\n\n<p>590: Khosrau al II-lea este \u00eencoronat rege al Persiei.<\/p>\n\n\n\n<p>1564: Se naste, Galileo Galilei, fizician \u0219i astronom renascentist.<br>1637: Ferdinand al III-lea a devenit \u00eemp\u0103rat al Sf\u00e2ntului Imperiu Roman.<br><em><strong>15 Februarie 1690: S-a \u00eencheiat, la Sibiu, tratatul secret dintre Constantin Cantemir, domnul Moldovei, \u0219i Sf\u00e2ntul Imperiu Roman. \u00cen tratat se stipula c\u0103 Moldova va sprijini ac\u021biunile antiotomane ale imperiului condus de Casa de Habsburg.<\/strong><\/em><\/p>\n\n\n\n<h5 class=\"wp-block-heading\"><strong>1840:<\/strong> Se naste, Titu Maiorescu, \u00eentemeietor al criticii rom\u00e2ne\u0219ti moderne, fondatorul Junimii, membru fondator al Societ\u0103\u021bii Academice Rom\u00e2ne.<\/h5>\n\n\n\n<p><strong>1850<\/strong>:Se naste, Ion Andreescu, pictor rom\u00e2n, membru post-mortem al Academiei Rom\u00e2ne.<\/p>\n\n\n\n<p><strong>1851<\/strong>: Se naste, Spiru Haret, matematician, sociolog \u0219i om politic liberal. A fost organizatorul \u00eenv\u0103\u021b\u0103m\u00e2ntului rom\u00e2nesc de dup\u0103 1864, membru al Academiei Rom\u00e2ne.<\/p>\n\n\n\n<p><strong>1869<\/strong>: Moare, Constantin Hurmuzachi, politician, ministru, doctor \u00een drept rom\u00e2n.<br><strong>1876:<\/strong> Apare lunar (p\u00e2n\u0103 la 15 mai 1876), la Bucure\u0219ti, &#8222;Revista literar\u0103 \u0219i \u0219tiin\u021bific\u0103&#8221;, sub \u00eendrumarea lui Bogdan Petriceicu Ha\u0219deu \u0219i Dimitrie Br\u00e2ndz\u0103.<br><strong>1921:<\/strong> S-a \u00eenfiin\u021bat lega\u021bia Rom\u00e2niei la Helsinki.<br><strong>1923<\/strong>: Grecia devine ultima \u021bar\u0103 european\u0103 care adopt\u0103 calendarul gregorian.<br><strong>1933:<\/strong> La Bucure\u0219ti, a \u00eenceput greva ceferi\u0219tilor de la Atelierele Grivi\u021ba (15 februarie-23 februarie).<br><strong>1941<\/strong>: Rom\u00e2nia este inclus\u0103 \u00een grupul \u021b\u0103rilor supuse blocadei britanice.<\/p>\n\n\n\n<p><strong>1944<\/strong>:Se naste, Alexandru Boc\u0103ne\u021b, regizor \u0219i realizator rom\u00e2n de televiziune.<br><strong>1949<\/strong>: Pentru prima oar\u0103, problema lichid\u0103rii marii propriet\u0103\u021bi agricole, a ap\u0103rut pe ordinea de zi a \u0219edin\u021belor Secretariatului Biroului Politic al C.C. al P.R.M.<br><strong>1969:<\/strong> A fost inaugurat\u0103 linia ferat\u0103 electrificat\u0103 Bucure\u0219ti\u2013Bra\u0219ov, prima de acest fel din Rom\u00e2nia.<br><strong>1980:<\/strong> A fost lansat\u0103 pe ap\u0103, la Br\u0103ila, prima nav\u0103 de pescuit oceanic construit\u0103 \u00een Rom\u00e2nia.<br><strong>1990:<\/strong> A fost \u00eenfiin\u021bat\u0103 Uniunea Teatrelor din Rom\u00e2nia &#8211; UNITER, av\u00e2ndu-l ca pre\u0219edinte pe actorul Ion Caramitru.<br><strong>1995: <\/strong>Rom\u00e2nia depune la secretariatul general al ONU, instrumentele de ratificare a Conven\u021biei privind interzicerea dezvolt\u0103rii, producerii, stoc\u0103rii \u0219i folosirii armelor chimice, precum \u0219i distrugerea acestora, semnat\u0103 la Paris, la 13 ianuarie 1993.<br><strong>2013:<\/strong> Un meteorit a explodat deasupra Rusiei; 1.500 de oameni au fost r\u0103ni\u021bi de cioburile de geamuri sparte sau de obiecte deplasate de unda de \u0219oc.<\/p>\n\n\n\n<p class=\"has-cyan-bluish-gray-background-color has-background\">http:\/\/radio.enjoychat.net:8024\/                            By LaneyC<\/p>\n","protected":false},"excerpt":{"rendered":"<p>\u00cen 2003, Confedera\u021bia Interna\u021bional\u0103 a Organiza\u021biilor P\u0103rin\u021bilor cu Copii Bolnavi de Cancer a declarat data de 15 februarie c\u0103 fiind Ziua Interna\u021bional\u0103 a Copilului cu Cancer. Aceasta este o campanie global\u0103 ce are ca scop sensibilizarea privind copiii diagnostica\u021bi cu cancer, precum \u0219i nevoile acestora. Ini\u0163iativa marc\u0103rii acestei zile a fost luat\u0103 \u00een 2002, de &hellip; <a href=\"https:\/\/mindtime.ro\/index.php\/2024\/02\/14\/15-februarie-ziua-internationala-a-copilului-bolnav-de-cancer\/\" class=\"more-link\">Continue reading <span class=\"screen-reader-text\">15 februarie, Ziua Interna\u021bionala a copilului bolnav de cancer<\/span><\/a><\/p>\n","protected":false},"author":3,"featured_media":571,"comment_status":"open","ping_status":"open","sticky":true,"template":"","format":"standard","meta":{"footnotes":""},"categories":[10],"tags":[71,72,73],"class_list":["post-559","post","type-post","status-publish","format-standard","has-post-thumbnail","hentry","category-calendar","tag-15-februarie","tag-cancer-copii","tag-evenimente"],"yoast_head":"<!-- This site is optimized with the Yoast SEO plugin v27.5 - https:\/\/yoast.com\/product\/yoast-seo-wordpress\/ -->\n<title>15 februarie, Ziua Interna\u021bionala a copilului bolnav de cancer - Mind Time<\/title>\n<meta name=\"description\" content=\"\u00cen 2003, Confedera\u021bia Interna\u021bional\u0103 a Organiza\u021biilor P\u0103rin\u021bilor cu Copii Bolnavi de Cancer a declarat data de 15 februarie c\u0103 fiind Ziua Interna\u021bional\u0103 a Copilului cu Cancer.\" \/>\n<meta name=\"robots\" content=\"index, follow, max-snippet:-1, max-image-preview:large, max-video-preview:-1\" \/>\n<link rel=\"canonical\" href=\"https:\/\/mindtime.ro\/index.php\/2024\/02\/14\/15-februarie-ziua-internationala-a-copilului-bolnav-de-cancer\/\" \/>\n<meta property=\"og:locale\" content=\"ro_RO\" \/>\n<meta property=\"og:type\" content=\"article\" \/>\n<meta property=\"og:title\" content=\"15 februarie, Ziua Interna\u021bionala a copilului bolnav de cancer - Mind Time\" \/>\n<meta property=\"og:description\" content=\"\u00cen 2003, Confedera\u021bia Interna\u021bional\u0103 a Organiza\u021biilor P\u0103rin\u021bilor cu Copii Bolnavi de Cancer a declarat data de 15 februarie c\u0103 fiind Ziua Interna\u021bional\u0103 a Copilului cu Cancer.\" \/>\n<meta property=\"og:url\" content=\"https:\/\/mindtime.ro\/index.php\/2024\/02\/14\/15-februarie-ziua-internationala-a-copilului-bolnav-de-cancer\/\" \/>\n<meta property=\"og:site_name\" content=\"Mind Time\" \/>\n<meta property=\"article:published_time\" content=\"2024-02-14T15:56:24+00:00\" \/>\n<meta property=\"article:modified_time\" content=\"2024-02-14T16:03:33+00:00\" \/>\n<meta property=\"og:image\" content=\"https:\/\/mindtime.ro\/wp-content\/uploads\/2023\/02\/15feb-e1676715834894.gif\" \/>\n\t<meta property=\"og:image:width\" content=\"256\" \/>\n\t<meta property=\"og:image:height\" content=\"210\" \/>\n\t<meta property=\"og:image:type\" content=\"image\/gif\" \/>\n<meta name=\"author\" content=\"LaneyC\" \/>\n<meta name=\"twitter:card\" content=\"summary_large_image\" \/>\n<meta name=\"twitter:label1\" content=\"Scris de\" \/>\n\t<meta name=\"twitter:data1\" content=\"LaneyC\" \/>\n\t<meta name=\"twitter:label2\" content=\"Timp estimat pentru citire\" \/>\n\t<meta name=\"twitter:data2\" content=\"4 minute\" \/>\n<script type=\"application\/ld+json\" class=\"yoast-schema-graph\">{\"@context\":\"https:\\\/\\\/schema.org\",\"@graph\":[{\"@type\":\"Article\",\"@id\":\"https:\\\/\\\/mindtime.ro\\\/index.php\\\/2024\\\/02\\\/14\\\/15-februarie-ziua-internationala-a-copilului-bolnav-de-cancer\\\/#article\",\"isPartOf\":{\"@id\":\"https:\\\/\\\/mindtime.ro\\\/index.php\\\/2024\\\/02\\\/14\\\/15-februarie-ziua-internationala-a-copilului-bolnav-de-cancer\\\/\"},\"author\":{\"name\":\"LaneyC\",\"@id\":\"https:\\\/\\\/mindtime.ro\\\/#\\\/schema\\\/person\\\/6efe0e4bfa5462ebd155232d6cc887a2\"},\"headline\":\"15 februarie, Ziua Interna\u021bionala a copilului bolnav de cancer\",\"datePublished\":\"2024-02-14T15:56:24+00:00\",\"dateModified\":\"2024-02-14T16:03:33+00:00\",\"mainEntityOfPage\":{\"@id\":\"https:\\\/\\\/mindtime.ro\\\/index.php\\\/2024\\\/02\\\/14\\\/15-februarie-ziua-internationala-a-copilului-bolnav-de-cancer\\\/\"},\"wordCount\":578,\"commentCount\":0,\"image\":{\"@id\":\"https:\\\/\\\/mindtime.ro\\\/index.php\\\/2024\\\/02\\\/14\\\/15-februarie-ziua-internationala-a-copilului-bolnav-de-cancer\\\/#primaryimage\"},\"thumbnailUrl\":\"https:\\\/\\\/mindtime.ro\\\/wp-content\\\/uploads\\\/2023\\\/02\\\/15feb-e1676715834894.gif\",\"keywords\":[\"15 februarie\",\"cancer copii\",\"evenimente\"],\"articleSection\":[\"Calendar\"],\"inLanguage\":\"ro-RO\",\"potentialAction\":[{\"@type\":\"CommentAction\",\"name\":\"Comment\",\"target\":[\"https:\\\/\\\/mindtime.ro\\\/index.php\\\/2024\\\/02\\\/14\\\/15-februarie-ziua-internationala-a-copilului-bolnav-de-cancer\\\/#respond\"]}]},{\"@type\":\"WebPage\",\"@id\":\"https:\\\/\\\/mindtime.ro\\\/index.php\\\/2024\\\/02\\\/14\\\/15-februarie-ziua-internationala-a-copilului-bolnav-de-cancer\\\/\",\"url\":\"https:\\\/\\\/mindtime.ro\\\/index.php\\\/2024\\\/02\\\/14\\\/15-februarie-ziua-internationala-a-copilului-bolnav-de-cancer\\\/\",\"name\":\"15 februarie, Ziua Interna\u021bionala a copilului bolnav de cancer - Mind Time\",\"isPartOf\":{\"@id\":\"https:\\\/\\\/mindtime.ro\\\/#website\"},\"primaryImageOfPage\":{\"@id\":\"https:\\\/\\\/mindtime.ro\\\/index.php\\\/2024\\\/02\\\/14\\\/15-februarie-ziua-internationala-a-copilului-bolnav-de-cancer\\\/#primaryimage\"},\"image\":{\"@id\":\"https:\\\/\\\/mindtime.ro\\\/index.php\\\/2024\\\/02\\\/14\\\/15-februarie-ziua-internationala-a-copilului-bolnav-de-cancer\\\/#primaryimage\"},\"thumbnailUrl\":\"https:\\\/\\\/mindtime.ro\\\/wp-content\\\/uploads\\\/2023\\\/02\\\/15feb-e1676715834894.gif\",\"datePublished\":\"2024-02-14T15:56:24+00:00\",\"dateModified\":\"2024-02-14T16:03:33+00:00\",\"author\":{\"@id\":\"https:\\\/\\\/mindtime.ro\\\/#\\\/schema\\\/person\\\/6efe0e4bfa5462ebd155232d6cc887a2\"},\"description\":\"\u00cen 2003, Confedera\u021bia Interna\u021bional\u0103 a Organiza\u021biilor P\u0103rin\u021bilor cu Copii Bolnavi de Cancer a declarat data de 15 februarie c\u0103 fiind Ziua Interna\u021bional\u0103 a Copilului cu Cancer.\",\"breadcrumb\":{\"@id\":\"https:\\\/\\\/mindtime.ro\\\/index.php\\\/2024\\\/02\\\/14\\\/15-februarie-ziua-internationala-a-copilului-bolnav-de-cancer\\\/#breadcrumb\"},\"inLanguage\":\"ro-RO\",\"potentialAction\":[{\"@type\":\"ReadAction\",\"target\":[\"https:\\\/\\\/mindtime.ro\\\/index.php\\\/2024\\\/02\\\/14\\\/15-februarie-ziua-internationala-a-copilului-bolnav-de-cancer\\\/\"]}]},{\"@type\":\"ImageObject\",\"inLanguage\":\"ro-RO\",\"@id\":\"https:\\\/\\\/mindtime.ro\\\/index.php\\\/2024\\\/02\\\/14\\\/15-februarie-ziua-internationala-a-copilului-bolnav-de-cancer\\\/#primaryimage\",\"url\":\"https:\\\/\\\/mindtime.ro\\\/wp-content\\\/uploads\\\/2023\\\/02\\\/15feb-e1676715834894.gif\",\"contentUrl\":\"https:\\\/\\\/mindtime.ro\\\/wp-content\\\/uploads\\\/2023\\\/02\\\/15feb-e1676715834894.gif\",\"width\":256,\"height\":210},{\"@type\":\"BreadcrumbList\",\"@id\":\"https:\\\/\\\/mindtime.ro\\\/index.php\\\/2024\\\/02\\\/14\\\/15-februarie-ziua-internationala-a-copilului-bolnav-de-cancer\\\/#breadcrumb\",\"itemListElement\":[{\"@type\":\"ListItem\",\"position\":1,\"name\":\"Prima pagin\u0103\",\"item\":\"https:\\\/\\\/mindtime.ro\\\/\"},{\"@type\":\"ListItem\",\"position\":2,\"name\":\"15 februarie, Ziua Interna\u021bionala a copilului bolnav de cancer\"}]},{\"@type\":\"WebSite\",\"@id\":\"https:\\\/\\\/mindtime.ro\\\/#website\",\"url\":\"https:\\\/\\\/mindtime.ro\\\/\",\"name\":\"Mind Time\",\"description\":\"Relaxeaza-ti mintea !\",\"potentialAction\":[{\"@type\":\"SearchAction\",\"target\":{\"@type\":\"EntryPoint\",\"urlTemplate\":\"https:\\\/\\\/mindtime.ro\\\/?s={search_term_string}\"},\"query-input\":{\"@type\":\"PropertyValueSpecification\",\"valueRequired\":true,\"valueName\":\"search_term_string\"}}],\"inLanguage\":\"ro-RO\"},{\"@type\":\"Person\",\"@id\":\"https:\\\/\\\/mindtime.ro\\\/#\\\/schema\\\/person\\\/6efe0e4bfa5462ebd155232d6cc887a2\",\"name\":\"LaneyC\",\"image\":{\"@type\":\"ImageObject\",\"inLanguage\":\"ro-RO\",\"@id\":\"https:\\\/\\\/secure.gravatar.com\\\/avatar\\\/788abfddfb766c27a3406096a0f747b84cea126b13e84ba5cb61a96666f64663?s=96&d=mm&r=g\",\"url\":\"https:\\\/\\\/secure.gravatar.com\\\/avatar\\\/788abfddfb766c27a3406096a0f747b84cea126b13e84ba5cb61a96666f64663?s=96&d=mm&r=g\",\"contentUrl\":\"https:\\\/\\\/secure.gravatar.com\\\/avatar\\\/788abfddfb766c27a3406096a0f747b84cea126b13e84ba5cb61a96666f64663?s=96&d=mm&r=g\",\"caption\":\"LaneyC\"},\"sameAs\":[\"https:\\\/\\\/mindtime.ro\"],\"url\":\"https:\\\/\\\/mindtime.ro\\\/index.php\\\/author\\\/admin-2\\\/\"}]}<\/script>\n<!-- \/ Yoast SEO plugin. -->","yoast_head_json":{"title":"15 februarie, Ziua Interna\u021bionala a copilului bolnav de cancer - Mind Time","description":"\u00cen 2003, Confedera\u021bia Interna\u021bional\u0103 a Organiza\u021biilor P\u0103rin\u021bilor cu Copii Bolnavi de Cancer a declarat data de 15 februarie c\u0103 fiind Ziua Interna\u021bional\u0103 a Copilului cu Cancer.","robots":{"index":"index","follow":"follow","max-snippet":"max-snippet:-1","max-image-preview":"max-image-preview:large","max-video-preview":"max-video-preview:-1"},"canonical":"https:\/\/mindtime.ro\/index.php\/2024\/02\/14\/15-februarie-ziua-internationala-a-copilului-bolnav-de-cancer\/","og_locale":"ro_RO","og_type":"article","og_title":"15 februarie, Ziua Interna\u021bionala a copilului bolnav de cancer - Mind Time","og_description":"\u00cen 2003, Confedera\u021bia Interna\u021bional\u0103 a Organiza\u021biilor P\u0103rin\u021bilor cu Copii Bolnavi de Cancer a declarat data de 15 februarie c\u0103 fiind Ziua Interna\u021bional\u0103 a Copilului cu Cancer.","og_url":"https:\/\/mindtime.ro\/index.php\/2024\/02\/14\/15-februarie-ziua-internationala-a-copilului-bolnav-de-cancer\/","og_site_name":"Mind Time","article_published_time":"2024-02-14T15:56:24+00:00","article_modified_time":"2024-02-14T16:03:33+00:00","og_image":[{"width":256,"height":210,"url":"https:\/\/mindtime.ro\/wp-content\/uploads\/2023\/02\/15feb-e1676715834894.gif","type":"image\/gif"}],"author":"LaneyC","twitter_card":"summary_large_image","twitter_misc":{"Scris de":"LaneyC","Timp estimat pentru citire":"4 minute"},"schema":{"@context":"https:\/\/schema.org","@graph":[{"@type":"Article","@id":"https:\/\/mindtime.ro\/index.php\/2024\/02\/14\/15-februarie-ziua-internationala-a-copilului-bolnav-de-cancer\/#article","isPartOf":{"@id":"https:\/\/mindtime.ro\/index.php\/2024\/02\/14\/15-februarie-ziua-internationala-a-copilului-bolnav-de-cancer\/"},"author":{"name":"LaneyC","@id":"https:\/\/mindtime.ro\/#\/schema\/person\/6efe0e4bfa5462ebd155232d6cc887a2"},"headline":"15 februarie, Ziua Interna\u021bionala a copilului bolnav de cancer","datePublished":"2024-02-14T15:56:24+00:00","dateModified":"2024-02-14T16:03:33+00:00","mainEntityOfPage":{"@id":"https:\/\/mindtime.ro\/index.php\/2024\/02\/14\/15-februarie-ziua-internationala-a-copilului-bolnav-de-cancer\/"},"wordCount":578,"commentCount":0,"image":{"@id":"https:\/\/mindtime.ro\/index.php\/2024\/02\/14\/15-februarie-ziua-internationala-a-copilului-bolnav-de-cancer\/#primaryimage"},"thumbnailUrl":"https:\/\/mindtime.ro\/wp-content\/uploads\/2023\/02\/15feb-e1676715834894.gif","keywords":["15 februarie","cancer copii","evenimente"],"articleSection":["Calendar"],"inLanguage":"ro-RO","potentialAction":[{"@type":"CommentAction","name":"Comment","target":["https:\/\/mindtime.ro\/index.php\/2024\/02\/14\/15-februarie-ziua-internationala-a-copilului-bolnav-de-cancer\/#respond"]}]},{"@type":"WebPage","@id":"https:\/\/mindtime.ro\/index.php\/2024\/02\/14\/15-februarie-ziua-internationala-a-copilului-bolnav-de-cancer\/","url":"https:\/\/mindtime.ro\/index.php\/2024\/02\/14\/15-februarie-ziua-internationala-a-copilului-bolnav-de-cancer\/","name":"15 februarie, Ziua Interna\u021bionala a copilului bolnav de cancer - Mind Time","isPartOf":{"@id":"https:\/\/mindtime.ro\/#website"},"primaryImageOfPage":{"@id":"https:\/\/mindtime.ro\/index.php\/2024\/02\/14\/15-februarie-ziua-internationala-a-copilului-bolnav-de-cancer\/#primaryimage"},"image":{"@id":"https:\/\/mindtime.ro\/index.php\/2024\/02\/14\/15-februarie-ziua-internationala-a-copilului-bolnav-de-cancer\/#primaryimage"},"thumbnailUrl":"https:\/\/mindtime.ro\/wp-content\/uploads\/2023\/02\/15feb-e1676715834894.gif","datePublished":"2024-02-14T15:56:24+00:00","dateModified":"2024-02-14T16:03:33+00:00","author":{"@id":"https:\/\/mindtime.ro\/#\/schema\/person\/6efe0e4bfa5462ebd155232d6cc887a2"},"description":"\u00cen 2003, Confedera\u021bia Interna\u021bional\u0103 a Organiza\u021biilor P\u0103rin\u021bilor cu Copii Bolnavi de Cancer a declarat data de 15 februarie c\u0103 fiind Ziua Interna\u021bional\u0103 a Copilului cu Cancer.","breadcrumb":{"@id":"https:\/\/mindtime.ro\/index.php\/2024\/02\/14\/15-februarie-ziua-internationala-a-copilului-bolnav-de-cancer\/#breadcrumb"},"inLanguage":"ro-RO","potentialAction":[{"@type":"ReadAction","target":["https:\/\/mindtime.ro\/index.php\/2024\/02\/14\/15-februarie-ziua-internationala-a-copilului-bolnav-de-cancer\/"]}]},{"@type":"ImageObject","inLanguage":"ro-RO","@id":"https:\/\/mindtime.ro\/index.php\/2024\/02\/14\/15-februarie-ziua-internationala-a-copilului-bolnav-de-cancer\/#primaryimage","url":"https:\/\/mindtime.ro\/wp-content\/uploads\/2023\/02\/15feb-e1676715834894.gif","contentUrl":"https:\/\/mindtime.ro\/wp-content\/uploads\/2023\/02\/15feb-e1676715834894.gif","width":256,"height":210},{"@type":"BreadcrumbList","@id":"https:\/\/mindtime.ro\/index.php\/2024\/02\/14\/15-februarie-ziua-internationala-a-copilului-bolnav-de-cancer\/#breadcrumb","itemListElement":[{"@type":"ListItem","position":1,"name":"Prima pagin\u0103","item":"https:\/\/mindtime.ro\/"},{"@type":"ListItem","position":2,"name":"15 februarie, Ziua Interna\u021bionala a copilului bolnav de cancer"}]},{"@type":"WebSite","@id":"https:\/\/mindtime.ro\/#website","url":"https:\/\/mindtime.ro\/","name":"Mind Time","description":"Relaxeaza-ti mintea !","potentialAction":[{"@type":"SearchAction","target":{"@type":"EntryPoint","urlTemplate":"https:\/\/mindtime.ro\/?s={search_term_string}"},"query-input":{"@type":"PropertyValueSpecification","valueRequired":true,"valueName":"search_term_string"}}],"inLanguage":"ro-RO"},{"@type":"Person","@id":"https:\/\/mindtime.ro\/#\/schema\/person\/6efe0e4bfa5462ebd155232d6cc887a2","name":"LaneyC","image":{"@type":"ImageObject","inLanguage":"ro-RO","@id":"https:\/\/secure.gravatar.com\/avatar\/788abfddfb766c27a3406096a0f747b84cea126b13e84ba5cb61a96666f64663?s=96&d=mm&r=g","url":"https:\/\/secure.gravatar.com\/avatar\/788abfddfb766c27a3406096a0f747b84cea126b13e84ba5cb61a96666f64663?s=96&d=mm&r=g","contentUrl":"https:\/\/secure.gravatar.com\/avatar\/788abfddfb766c27a3406096a0f747b84cea126b13e84ba5cb61a96666f64663?s=96&d=mm&r=g","caption":"LaneyC"},"sameAs":["https:\/\/mindtime.ro"],"url":"https:\/\/mindtime.ro\/index.php\/author\/admin-2\/"}]}},"_links":{"self":[{"href":"https:\/\/mindtime.ro\/index.php\/wp-json\/wp\/v2\/posts\/559","targetHints":{"allow":["GET"]}}],"collection":[{"href":"https:\/\/mindtime.ro\/index.php\/wp-json\/wp\/v2\/posts"}],"about":[{"href":"https:\/\/mindtime.ro\/index.php\/wp-json\/wp\/v2\/types\/post"}],"author":[{"embeddable":true,"href":"https:\/\/mindtime.ro\/index.php\/wp-json\/wp\/v2\/users\/3"}],"replies":[{"embeddable":true,"href":"https:\/\/mindtime.ro\/index.php\/wp-json\/wp\/v2\/comments?post=559"}],"version-history":[{"count":12,"href":"https:\/\/mindtime.ro\/index.php\/wp-json\/wp\/v2\/posts\/559\/revisions"}],"predecessor-version":[{"id":1738,"href":"https:\/\/mindtime.ro\/index.php\/wp-json\/wp\/v2\/posts\/559\/revisions\/1738"}],"wp:featuredmedia":[{"embeddable":true,"href":"https:\/\/mindtime.ro\/index.php\/wp-json\/wp\/v2\/media\/571"}],"wp:attachment":[{"href":"https:\/\/mindtime.ro\/index.php\/wp-json\/wp\/v2\/media?parent=559"}],"wp:term":[{"taxonomy":"category","embeddable":true,"href":"https:\/\/mindtime.ro\/index.php\/wp-json\/wp\/v2\/categories?post=559"},{"taxonomy":"post_tag","embeddable":true,"href":"https:\/\/mindtime.ro\/index.php\/wp-json\/wp\/v2\/tags?post=559"}],"curies":[{"name":"wp","href":"https:\/\/api.w.org\/{rel}","templated":true}]}}