{"id":1854,"date":"2024-12-05T21:05:49","date_gmt":"2024-12-05T19:05:49","guid":{"rendered":"https:\/\/mindtime.ro\/?p=1854"},"modified":"2025-12-10T15:50:42","modified_gmt":"2025-12-10T13:50:42","slug":"alaturi-de-tine-nemarginit","status":"publish","type":"post","link":"https:\/\/mindtime.ro\/index.php\/2024\/12\/05\/alaturi-de-tine-nemarginit\/","title":{"rendered":"Al\u0103turi de tine nem\u0103rginit!"},"content":{"rendered":"\n<figure class=\"wp-block-image is-resized\"><img loading=\"lazy\" decoding=\"async\" width=\"16\" height=\"16\" src=\"https:\/\/mindtime.ro\/wp-content\/uploads\/2024\/12\/1f5a4.png\" alt=\"\ud83d\udda4\" class=\"wp-image-1858\" style=\"width:21px;height:auto\"\/><\/figure>\n\n\n\n<div class=\"wp-block-group is-vertical is-layout-flex wp-container-core-group-is-layout-8cf370e7 wp-block-group-is-layout-flex\">\n<p class=\"has-text-align-center has-medium-font-size wp-container-content-9cfa9a5a\">A fost un tat\u0103 exemplar<\/p>\n\n\n\n<p class=\"has-text-align-center has-medium-font-size wp-container-content-9cfa9a5a\">\u0218i bine te-a crescut,<\/p>\n\n\n\n<p class=\"has-text-align-center has-medium-font-size wp-container-content-9cfa9a5a\">Un om ca tine e mai rar<\/p>\n\n\n\n<p class=\"has-text-align-center has-medium-font-size wp-container-content-9cfa9a5a\">\u0218i greu s-a mai vazut.<\/p>\n\n\n\n<p class=\"has-text-align-center has-medium-font-size wp-container-content-9cfa9a5a\">\u021ai-a <a><\/a>ar\u0103tat cum este via\u021ba<\/p>\n\n\n\n<p class=\"has-text-align-center has-medium-font-size wp-container-content-9cfa9a5a\">Cu bune \u0219i cu rele<\/p>\n\n\n\n<p class=\"has-text-align-center has-medium-font-size wp-container-content-9cfa9a5a\">Iar c\u00e2nd a fost s\u0103 ai probleme,<\/p>\n\n\n\n<p class=\"has-text-align-center has-medium-font-size wp-container-content-9cfa9a5a\">El te-a sc\u0103pat de ele.<\/p>\n\n\n\n<p class=\"has-text-align-center has-medium-font-size wp-container-content-9cfa9a5a\">Te-a sus\u021binut c\u00e2nd \u021bi-era greu<\/p>\n\n\n\n<p class=\"has-text-align-center has-medium-font-size wp-container-content-9cfa9a5a\">\u0218i \u0219tiu, n-a fost u\u0219or<\/p>\n\n\n\n<p class=\"has-text-align-center has-medium-font-size wp-container-content-9cfa9a5a\">A fost unicul t\u0103u sprijin<\/p>\n\n\n\n<p class=\"has-text-align-center has-medium-font-size wp-container-content-9cfa9a5a\">Atunci c\u00e2nd \u021bi-a fost dor.<\/p>\n\n\n\n<p class=\"has-text-align-center has-medium-font-size wp-container-content-9cfa9a5a\">Azi pentru tot ce a f\u0103cut,<\/p>\n\n\n\n<p class=\"has-text-align-center has-medium-font-size wp-container-content-9cfa9a5a\">Din suflet mul\u021bume\u0219te-i<\/p>\n\n\n\n<p class=\"has-text-align-center has-medium-font-size wp-container-content-9cfa9a5a\">\u0218i tat\u0103lui cel scump promite-i<\/p>\n\n\n\n<p class=\"has-medium-font-size wp-container-content-9cfa9a5a\">Deoparte, c\u00e2nd e\u0219ti doar tu cu el,<\/p>\n\n\n\n<p class=\"has-medium-font-size wp-container-content-9cfa9a5a\">Mereu s\u0103 \u00eel iube\u0219ti!<\/p>\n\n\n\n<p class=\"has-medium-font-size wp-container-content-9cfa9a5a\"><\/p>\n<\/div>\n\n\n\n<p class=\"has-text-align-center has-white-color has-black-background-color has-text-color has-background has-link-color wp-elements-9d223a1aed6c38d8f3620e33cd2e23e8\"><strong>Sufletul bun nu moare niciodat\u0103!<\/strong> <\/p>\n\n\n<div class=\"wp-block-image\">\n<figure class=\"aligncenter size-full\"><img loading=\"lazy\" decoding=\"async\" width=\"736\" height=\"497\" src=\"https:\/\/mindtime.ro\/wp-content\/uploads\/2024\/12\/257d92995d8b297cf4f800b48ccbab74.jpg\" alt=\"\" class=\"wp-image-1860\" srcset=\"https:\/\/mindtime.ro\/wp-content\/uploads\/2024\/12\/257d92995d8b297cf4f800b48ccbab74.jpg 736w, https:\/\/mindtime.ro\/wp-content\/uploads\/2024\/12\/257d92995d8b297cf4f800b48ccbab74-300x203.jpg 300w\" sizes=\"auto, (max-width: 736px) 100vw, 736px\" \/><\/figure>\n<\/div>","protected":false},"excerpt":{"rendered":"<p>A fost un tat\u0103 exemplar \u0218i bine te-a crescut, Un om ca tine e mai rar \u0218i greu s-a mai vazut. \u021ai-a ar\u0103tat cum este via\u021ba Cu bune \u0219i cu rele Iar c\u00e2nd a fost s\u0103 ai probleme, El te-a sc\u0103pat de ele. Te-a sus\u021binut c\u00e2nd \u021bi-era greu \u0218i \u0219tiu, n-a fost u\u0219or A fost &hellip; <a href=\"https:\/\/mindtime.ro\/index.php\/2024\/12\/05\/alaturi-de-tine-nemarginit\/\" class=\"more-link\">Continue reading <span class=\"screen-reader-text\">Al\u0103turi de tine nem\u0103rginit!<\/span><\/a><\/p>\n","protected":false},"author":3,"featured_media":1856,"comment_status":"open","ping_status":"open","sticky":false,"template":"","format":"standard","meta":{"footnotes":""},"categories":[1],"tags":[],"class_list":["post-1854","post","type-post","status-publish","format-standard","has-post-thumbnail","hentry","category-uncategorized"],"yoast_head":"<!-- This site is optimized with the Yoast SEO plugin v27.5 - https:\/\/yoast.com\/product\/yoast-seo-wordpress\/ -->\n<title>Al\u0103turi de tine nem\u0103rginit! - Mind Time<\/title>\n<meta name=\"robots\" content=\"index, follow, max-snippet:-1, max-image-preview:large, max-video-preview:-1\" \/>\n<link rel=\"canonical\" href=\"https:\/\/mindtime.ro\/index.php\/2024\/12\/05\/alaturi-de-tine-nemarginit\/\" \/>\n<meta property=\"og:locale\" content=\"ro_RO\" \/>\n<meta property=\"og:type\" content=\"article\" \/>\n<meta property=\"og:title\" content=\"Al\u0103turi de tine nem\u0103rginit! - Mind Time\" \/>\n<meta property=\"og:description\" content=\"A fost un tat\u0103 exemplar \u0218i bine te-a crescut, Un om ca tine e mai rar \u0218i greu s-a mai vazut. \u021ai-a ar\u0103tat cum este via\u021ba Cu bune \u0219i cu rele Iar c\u00e2nd a fost s\u0103 ai probleme, El te-a sc\u0103pat de ele. Te-a sus\u021binut c\u00e2nd \u021bi-era greu \u0218i \u0219tiu, n-a fost u\u0219or A fost &hellip; Continue reading Al\u0103turi de tine nem\u0103rginit!\" \/>\n<meta property=\"og:url\" content=\"https:\/\/mindtime.ro\/index.php\/2024\/12\/05\/alaturi-de-tine-nemarginit\/\" \/>\n<meta property=\"og:site_name\" content=\"Mind Time\" \/>\n<meta property=\"article:published_time\" content=\"2024-12-05T19:05:49+00:00\" \/>\n<meta property=\"article:modified_time\" content=\"2025-12-10T13:50:42+00:00\" \/>\n<meta property=\"og:image\" content=\"https:\/\/mindtime.ro\/wp-content\/uploads\/2024\/12\/7ba7f12bd1914763d2947feeb052a681.jpg\" \/>\n\t<meta property=\"og:image:width\" content=\"736\" \/>\n\t<meta property=\"og:image:height\" content=\"981\" \/>\n\t<meta property=\"og:image:type\" content=\"image\/jpeg\" \/>\n<meta name=\"author\" content=\"LaneyC\" \/>\n<meta name=\"twitter:card\" content=\"summary_large_image\" \/>\n<meta name=\"twitter:label1\" content=\"Scris de\" \/>\n\t<meta name=\"twitter:data1\" content=\"LaneyC\" \/>\n\t<meta name=\"twitter:label2\" content=\"Timp estimat pentru citire\" \/>\n\t<meta name=\"twitter:data2\" content=\"2 minute\" \/>\n<script type=\"application\/ld+json\" class=\"yoast-schema-graph\">{\"@context\":\"https:\\\/\\\/schema.org\",\"@graph\":[{\"@type\":\"Article\",\"@id\":\"https:\\\/\\\/mindtime.ro\\\/index.php\\\/2024\\\/12\\\/05\\\/alaturi-de-tine-nemarginit\\\/#article\",\"isPartOf\":{\"@id\":\"https:\\\/\\\/mindtime.ro\\\/index.php\\\/2024\\\/12\\\/05\\\/alaturi-de-tine-nemarginit\\\/\"},\"author\":{\"name\":\"LaneyC\",\"@id\":\"https:\\\/\\\/mindtime.ro\\\/#\\\/schema\\\/person\\\/6efe0e4bfa5462ebd155232d6cc887a2\"},\"headline\":\"Al\u0103turi de tine nem\u0103rginit!\",\"datePublished\":\"2024-12-05T19:05:49+00:00\",\"dateModified\":\"2025-12-10T13:50:42+00:00\",\"mainEntityOfPage\":{\"@id\":\"https:\\\/\\\/mindtime.ro\\\/index.php\\\/2024\\\/12\\\/05\\\/alaturi-de-tine-nemarginit\\\/\"},\"wordCount\":115,\"commentCount\":0,\"image\":{\"@id\":\"https:\\\/\\\/mindtime.ro\\\/index.php\\\/2024\\\/12\\\/05\\\/alaturi-de-tine-nemarginit\\\/#primaryimage\"},\"thumbnailUrl\":\"https:\\\/\\\/mindtime.ro\\\/wp-content\\\/uploads\\\/2024\\\/12\\\/7ba7f12bd1914763d2947feeb052a681.jpg\",\"articleSection\":[\"Uncategorized\"],\"inLanguage\":\"ro-RO\",\"potentialAction\":[{\"@type\":\"CommentAction\",\"name\":\"Comment\",\"target\":[\"https:\\\/\\\/mindtime.ro\\\/index.php\\\/2024\\\/12\\\/05\\\/alaturi-de-tine-nemarginit\\\/#respond\"]}]},{\"@type\":\"WebPage\",\"@id\":\"https:\\\/\\\/mindtime.ro\\\/index.php\\\/2024\\\/12\\\/05\\\/alaturi-de-tine-nemarginit\\\/\",\"url\":\"https:\\\/\\\/mindtime.ro\\\/index.php\\\/2024\\\/12\\\/05\\\/alaturi-de-tine-nemarginit\\\/\",\"name\":\"Al\u0103turi de tine nem\u0103rginit! - Mind Time\",\"isPartOf\":{\"@id\":\"https:\\\/\\\/mindtime.ro\\\/#website\"},\"primaryImageOfPage\":{\"@id\":\"https:\\\/\\\/mindtime.ro\\\/index.php\\\/2024\\\/12\\\/05\\\/alaturi-de-tine-nemarginit\\\/#primaryimage\"},\"image\":{\"@id\":\"https:\\\/\\\/mindtime.ro\\\/index.php\\\/2024\\\/12\\\/05\\\/alaturi-de-tine-nemarginit\\\/#primaryimage\"},\"thumbnailUrl\":\"https:\\\/\\\/mindtime.ro\\\/wp-content\\\/uploads\\\/2024\\\/12\\\/7ba7f12bd1914763d2947feeb052a681.jpg\",\"datePublished\":\"2024-12-05T19:05:49+00:00\",\"dateModified\":\"2025-12-10T13:50:42+00:00\",\"author\":{\"@id\":\"https:\\\/\\\/mindtime.ro\\\/#\\\/schema\\\/person\\\/6efe0e4bfa5462ebd155232d6cc887a2\"},\"breadcrumb\":{\"@id\":\"https:\\\/\\\/mindtime.ro\\\/index.php\\\/2024\\\/12\\\/05\\\/alaturi-de-tine-nemarginit\\\/#breadcrumb\"},\"inLanguage\":\"ro-RO\",\"potentialAction\":[{\"@type\":\"ReadAction\",\"target\":[\"https:\\\/\\\/mindtime.ro\\\/index.php\\\/2024\\\/12\\\/05\\\/alaturi-de-tine-nemarginit\\\/\"]}]},{\"@type\":\"ImageObject\",\"inLanguage\":\"ro-RO\",\"@id\":\"https:\\\/\\\/mindtime.ro\\\/index.php\\\/2024\\\/12\\\/05\\\/alaturi-de-tine-nemarginit\\\/#primaryimage\",\"url\":\"https:\\\/\\\/mindtime.ro\\\/wp-content\\\/uploads\\\/2024\\\/12\\\/7ba7f12bd1914763d2947feeb052a681.jpg\",\"contentUrl\":\"https:\\\/\\\/mindtime.ro\\\/wp-content\\\/uploads\\\/2024\\\/12\\\/7ba7f12bd1914763d2947feeb052a681.jpg\",\"width\":736,\"height\":981},{\"@type\":\"BreadcrumbList\",\"@id\":\"https:\\\/\\\/mindtime.ro\\\/index.php\\\/2024\\\/12\\\/05\\\/alaturi-de-tine-nemarginit\\\/#breadcrumb\",\"itemListElement\":[{\"@type\":\"ListItem\",\"position\":1,\"name\":\"Prima pagin\u0103\",\"item\":\"https:\\\/\\\/mindtime.ro\\\/\"},{\"@type\":\"ListItem\",\"position\":2,\"name\":\"Al\u0103turi de tine nem\u0103rginit!\"}]},{\"@type\":\"WebSite\",\"@id\":\"https:\\\/\\\/mindtime.ro\\\/#website\",\"url\":\"https:\\\/\\\/mindtime.ro\\\/\",\"name\":\"Mind Time\",\"description\":\"Relaxeaza-ti mintea !\",\"potentialAction\":[{\"@type\":\"SearchAction\",\"target\":{\"@type\":\"EntryPoint\",\"urlTemplate\":\"https:\\\/\\\/mindtime.ro\\\/?s={search_term_string}\"},\"query-input\":{\"@type\":\"PropertyValueSpecification\",\"valueRequired\":true,\"valueName\":\"search_term_string\"}}],\"inLanguage\":\"ro-RO\"},{\"@type\":\"Person\",\"@id\":\"https:\\\/\\\/mindtime.ro\\\/#\\\/schema\\\/person\\\/6efe0e4bfa5462ebd155232d6cc887a2\",\"name\":\"LaneyC\",\"image\":{\"@type\":\"ImageObject\",\"inLanguage\":\"ro-RO\",\"@id\":\"https:\\\/\\\/secure.gravatar.com\\\/avatar\\\/788abfddfb766c27a3406096a0f747b84cea126b13e84ba5cb61a96666f64663?s=96&d=mm&r=g\",\"url\":\"https:\\\/\\\/secure.gravatar.com\\\/avatar\\\/788abfddfb766c27a3406096a0f747b84cea126b13e84ba5cb61a96666f64663?s=96&d=mm&r=g\",\"contentUrl\":\"https:\\\/\\\/secure.gravatar.com\\\/avatar\\\/788abfddfb766c27a3406096a0f747b84cea126b13e84ba5cb61a96666f64663?s=96&d=mm&r=g\",\"caption\":\"LaneyC\"},\"sameAs\":[\"https:\\\/\\\/mindtime.ro\"],\"url\":\"https:\\\/\\\/mindtime.ro\\\/index.php\\\/author\\\/admin-2\\\/\"}]}<\/script>\n<!-- \/ Yoast SEO plugin. -->","yoast_head_json":{"title":"Al\u0103turi de tine nem\u0103rginit! - Mind Time","robots":{"index":"index","follow":"follow","max-snippet":"max-snippet:-1","max-image-preview":"max-image-preview:large","max-video-preview":"max-video-preview:-1"},"canonical":"https:\/\/mindtime.ro\/index.php\/2024\/12\/05\/alaturi-de-tine-nemarginit\/","og_locale":"ro_RO","og_type":"article","og_title":"Al\u0103turi de tine nem\u0103rginit! - Mind Time","og_description":"A fost un tat\u0103 exemplar \u0218i bine te-a crescut, Un om ca tine e mai rar \u0218i greu s-a mai vazut. \u021ai-a ar\u0103tat cum este via\u021ba Cu bune \u0219i cu rele Iar c\u00e2nd a fost s\u0103 ai probleme, El te-a sc\u0103pat de ele. Te-a sus\u021binut c\u00e2nd \u021bi-era greu \u0218i \u0219tiu, n-a fost u\u0219or A fost &hellip; Continue reading Al\u0103turi de tine nem\u0103rginit!","og_url":"https:\/\/mindtime.ro\/index.php\/2024\/12\/05\/alaturi-de-tine-nemarginit\/","og_site_name":"Mind Time","article_published_time":"2024-12-05T19:05:49+00:00","article_modified_time":"2025-12-10T13:50:42+00:00","og_image":[{"width":736,"height":981,"url":"https:\/\/mindtime.ro\/wp-content\/uploads\/2024\/12\/7ba7f12bd1914763d2947feeb052a681.jpg","type":"image\/jpeg"}],"author":"LaneyC","twitter_card":"summary_large_image","twitter_misc":{"Scris de":"LaneyC","Timp estimat pentru citire":"2 minute"},"schema":{"@context":"https:\/\/schema.org","@graph":[{"@type":"Article","@id":"https:\/\/mindtime.ro\/index.php\/2024\/12\/05\/alaturi-de-tine-nemarginit\/#article","isPartOf":{"@id":"https:\/\/mindtime.ro\/index.php\/2024\/12\/05\/alaturi-de-tine-nemarginit\/"},"author":{"name":"LaneyC","@id":"https:\/\/mindtime.ro\/#\/schema\/person\/6efe0e4bfa5462ebd155232d6cc887a2"},"headline":"Al\u0103turi de tine nem\u0103rginit!","datePublished":"2024-12-05T19:05:49+00:00","dateModified":"2025-12-10T13:50:42+00:00","mainEntityOfPage":{"@id":"https:\/\/mindtime.ro\/index.php\/2024\/12\/05\/alaturi-de-tine-nemarginit\/"},"wordCount":115,"commentCount":0,"image":{"@id":"https:\/\/mindtime.ro\/index.php\/2024\/12\/05\/alaturi-de-tine-nemarginit\/#primaryimage"},"thumbnailUrl":"https:\/\/mindtime.ro\/wp-content\/uploads\/2024\/12\/7ba7f12bd1914763d2947feeb052a681.jpg","articleSection":["Uncategorized"],"inLanguage":"ro-RO","potentialAction":[{"@type":"CommentAction","name":"Comment","target":["https:\/\/mindtime.ro\/index.php\/2024\/12\/05\/alaturi-de-tine-nemarginit\/#respond"]}]},{"@type":"WebPage","@id":"https:\/\/mindtime.ro\/index.php\/2024\/12\/05\/alaturi-de-tine-nemarginit\/","url":"https:\/\/mindtime.ro\/index.php\/2024\/12\/05\/alaturi-de-tine-nemarginit\/","name":"Al\u0103turi de tine nem\u0103rginit! - Mind Time","isPartOf":{"@id":"https:\/\/mindtime.ro\/#website"},"primaryImageOfPage":{"@id":"https:\/\/mindtime.ro\/index.php\/2024\/12\/05\/alaturi-de-tine-nemarginit\/#primaryimage"},"image":{"@id":"https:\/\/mindtime.ro\/index.php\/2024\/12\/05\/alaturi-de-tine-nemarginit\/#primaryimage"},"thumbnailUrl":"https:\/\/mindtime.ro\/wp-content\/uploads\/2024\/12\/7ba7f12bd1914763d2947feeb052a681.jpg","datePublished":"2024-12-05T19:05:49+00:00","dateModified":"2025-12-10T13:50:42+00:00","author":{"@id":"https:\/\/mindtime.ro\/#\/schema\/person\/6efe0e4bfa5462ebd155232d6cc887a2"},"breadcrumb":{"@id":"https:\/\/mindtime.ro\/index.php\/2024\/12\/05\/alaturi-de-tine-nemarginit\/#breadcrumb"},"inLanguage":"ro-RO","potentialAction":[{"@type":"ReadAction","target":["https:\/\/mindtime.ro\/index.php\/2024\/12\/05\/alaturi-de-tine-nemarginit\/"]}]},{"@type":"ImageObject","inLanguage":"ro-RO","@id":"https:\/\/mindtime.ro\/index.php\/2024\/12\/05\/alaturi-de-tine-nemarginit\/#primaryimage","url":"https:\/\/mindtime.ro\/wp-content\/uploads\/2024\/12\/7ba7f12bd1914763d2947feeb052a681.jpg","contentUrl":"https:\/\/mindtime.ro\/wp-content\/uploads\/2024\/12\/7ba7f12bd1914763d2947feeb052a681.jpg","width":736,"height":981},{"@type":"BreadcrumbList","@id":"https:\/\/mindtime.ro\/index.php\/2024\/12\/05\/alaturi-de-tine-nemarginit\/#breadcrumb","itemListElement":[{"@type":"ListItem","position":1,"name":"Prima pagin\u0103","item":"https:\/\/mindtime.ro\/"},{"@type":"ListItem","position":2,"name":"Al\u0103turi de tine nem\u0103rginit!"}]},{"@type":"WebSite","@id":"https:\/\/mindtime.ro\/#website","url":"https:\/\/mindtime.ro\/","name":"Mind Time","description":"Relaxeaza-ti mintea !","potentialAction":[{"@type":"SearchAction","target":{"@type":"EntryPoint","urlTemplate":"https:\/\/mindtime.ro\/?s={search_term_string}"},"query-input":{"@type":"PropertyValueSpecification","valueRequired":true,"valueName":"search_term_string"}}],"inLanguage":"ro-RO"},{"@type":"Person","@id":"https:\/\/mindtime.ro\/#\/schema\/person\/6efe0e4bfa5462ebd155232d6cc887a2","name":"LaneyC","image":{"@type":"ImageObject","inLanguage":"ro-RO","@id":"https:\/\/secure.gravatar.com\/avatar\/788abfddfb766c27a3406096a0f747b84cea126b13e84ba5cb61a96666f64663?s=96&d=mm&r=g","url":"https:\/\/secure.gravatar.com\/avatar\/788abfddfb766c27a3406096a0f747b84cea126b13e84ba5cb61a96666f64663?s=96&d=mm&r=g","contentUrl":"https:\/\/secure.gravatar.com\/avatar\/788abfddfb766c27a3406096a0f747b84cea126b13e84ba5cb61a96666f64663?s=96&d=mm&r=g","caption":"LaneyC"},"sameAs":["https:\/\/mindtime.ro"],"url":"https:\/\/mindtime.ro\/index.php\/author\/admin-2\/"}]}},"_links":{"self":[{"href":"https:\/\/mindtime.ro\/index.php\/wp-json\/wp\/v2\/posts\/1854","targetHints":{"allow":["GET"]}}],"collection":[{"href":"https:\/\/mindtime.ro\/index.php\/wp-json\/wp\/v2\/posts"}],"about":[{"href":"https:\/\/mindtime.ro\/index.php\/wp-json\/wp\/v2\/types\/post"}],"author":[{"embeddable":true,"href":"https:\/\/mindtime.ro\/index.php\/wp-json\/wp\/v2\/users\/3"}],"replies":[{"embeddable":true,"href":"https:\/\/mindtime.ro\/index.php\/wp-json\/wp\/v2\/comments?post=1854"}],"version-history":[{"count":4,"href":"https:\/\/mindtime.ro\/index.php\/wp-json\/wp\/v2\/posts\/1854\/revisions"}],"predecessor-version":[{"id":1861,"href":"https:\/\/mindtime.ro\/index.php\/wp-json\/wp\/v2\/posts\/1854\/revisions\/1861"}],"wp:featuredmedia":[{"embeddable":true,"href":"https:\/\/mindtime.ro\/index.php\/wp-json\/wp\/v2\/media\/1856"}],"wp:attachment":[{"href":"https:\/\/mindtime.ro\/index.php\/wp-json\/wp\/v2\/media?parent=1854"}],"wp:term":[{"taxonomy":"category","embeddable":true,"href":"https:\/\/mindtime.ro\/index.php\/wp-json\/wp\/v2\/categories?post=1854"},{"taxonomy":"post_tag","embeddable":true,"href":"https:\/\/mindtime.ro\/index.php\/wp-json\/wp\/v2\/tags?post=1854"}],"curies":[{"name":"wp","href":"https:\/\/api.w.org\/{rel}","templated":true}]}}