{"id":1779,"date":"2024-03-02T14:59:00","date_gmt":"2024-03-02T12:59:00","guid":{"rendered":"https:\/\/mindtime.ro\/?p=1779"},"modified":"2024-03-03T15:00:16","modified_gmt":"2024-03-03T13:00:16","slug":"3-martie-ziua-mondiala-a-scriitorilor","status":"publish","type":"post","link":"https:\/\/mindtime.ro\/index.php\/2024\/03\/02\/3-martie-ziua-mondiala-a-scriitorilor\/","title":{"rendered":"3 Martie &#8211; Ziua mondial\u0103 a scriitorilor"},"content":{"rendered":"\n<p>Marcat\u0103 \u00een fiecare an pe 3 martie, Ziua Mondial\u0103 a Scriitorilor este o s\u0103rb\u0103toare a literaturii \u0219i culturii universale, demonstr\u00e2nd c\u0103 arta nu este constr\u00e2ns\u0103 de nici o grani\u021b\u0103.<\/p>\n\n\n\n<p>Ziua Mondial\u0103 a Scriitorilor a fost instituit\u0103 \u00een 1986 de c\u0103tre English Pen Club.<\/p>\n\n\n\n<div class=\"wp-block-group is-vertical is-layout-flex wp-container-core-group-is-layout-8cf370e7 wp-block-group-is-layout-flex\">\n<p>Ziua Mondial\u0103 a Scriitorilor este o ocazie de a: recunoa\u0219te contribu\u021bia scriitorilor la cultura \u0219i istoria lumii, de a promova diversitatea literar\u0103, de a ap\u0103ra libertatea de exprimare, de a inspira genera\u021biile viitoare de scriitori.<\/p>\n\n\n\n<h4 class=\"wp-block-heading has-text-align-right\">Libertatea de exprimare a scriitorilor trebuie sus\u021binut\u0103!<\/h4>\n\n\n\n<p class=\"has-text-align-right\"><strong>&#8222;Libertatea de exprimare este libertatea de a spune ceea ce g\u00e2nde\u0219te cineva; libertatea de a g\u00e2ndi nu are nevoie de nicio ap\u0103rare.&#8221;<\/strong> &#8211; George Orwell<\/p>\n\n\n\n<p><strong>&#8222;Scrisul este o form\u0103 de terapie; poate fi o modalitate de a te elibera de g\u00e2nduri \u0219i sentimente care te macin\u0103.&#8221;<\/strong> &#8211; Sandra Cisneros<\/p>\n\n\n\n<p><strong>&#8222;C\u0103r\u021bile sunt periculoase pentru c\u0103 con\u021bin idei.&#8221;<\/strong> &#8211; George R.R. Martin<\/p>\n\n\n\n<p><strong>&#8222;Un scriitor nu este un om liber dac\u0103 nu poate critica societatea \u00een care tr\u0103ie\u0219te.&#8221;<\/strong> &#8211; Salman Rushdie<\/p>\n\n\n\n<p><strong>&#8222;Cenzura este o crim\u0103 \u00eempotriva culturii.&#8221;<\/strong> &#8211; V\u00e1clav Havel<\/p>\n\n\n\n<p><strong>&#8222;Cuvintele pot fi arme, dar pot fi \u0219i instrumente de vindecare.&#8221;<\/strong> &#8211; Malala Yousafzai<\/p>\n\n\n\n<blockquote class=\"wp-block-quote has-text-align-right is-layout-flow wp-block-quote-is-layout-flow\">\n<p><strong> &#8222;Nu trebuie s\u0103 fim de acord cu ceea ce spun scriitorii, dar trebuie s\u0103 le ap\u0103r\u0103m dreptul de a o spune.&#8221;<\/strong> <\/p>\n<cite>Voltaire<\/cite><\/blockquote>\n\n\n\n<p><strong>&#8222;Libertatea de exprimare este piatra de temelie a unei societ\u0103\u021bi democratice.&#8221;<\/strong> &#8211; Kofi Annan<\/p>\n\n\n\n<p><strong>&#8222;Oamenii care ard c\u0103r\u021bi se tem de puterea cuvintelor.&#8221;<\/strong> &#8211; Ray Bradbury<\/p>\n\n\n\n<p><strong>&#8222;C\u0103r\u021bile ne pot face liberi.&#8221;<\/strong> &#8211; Ralph Waldo Emerson<\/p>\n<\/div>\n\n\n\n<h2 class=\"wp-block-heading\">3 Martie- Momente de amintit<\/h2>\n\n\n\n<div class=\"wp-block-group is-vertical is-layout-flex wp-container-core-group-is-layout-8cf370e7 wp-block-group-is-layout-flex\">\n<div class=\"wp-block-group is-vertical is-layout-flex wp-container-core-group-is-layout-8cf370e7 wp-block-group-is-layout-flex\">\n<p><strong>1075<\/strong>:Este emis \u201cDictatus papae\u201d prin care se proclam\u0103 autoritatea universal\u0103 a\u00a0papei.<\/p>\n\n\n\n<p>1845: Dup\u0103 expulzarea\u00a0seminolilor,\u00a0teritoriul Florida\u00a0este \u00eencorporat \u00een Statele Unite sub numele de Florida, care devine cel de-al 27-lea stat al SUA.<\/p>\n\n\n\n<p>1847: Se na\u0219te,\u00a0Alexander Graham Bell, om de \u0219tiin\u021b\u0103 sco\u021bian, stabilit \u00een Canada (d.\u00a01922).<\/p>\n\n\n\n<p>1863:\u00a0A murit, Iancu V\u0103c\u0103rescu, poet rom\u00e2n (n.\u00a01792).<\/p>\n\n\n\n<p>1875: La Op\u00e9ra Comique din\u00a0Paris, a avut loc premiera\u00a0operei Carmen\u00a0de\u00a0Georges Bizet.<\/p>\n\n\n\n<p>1882:\u00a0Se na\u0219te, Ion Mihalache, politician rom\u00e2n (d.\u00a01963).<\/p>\n\n\n\n<h4 class=\"wp-block-heading\">3 martie 1878: Independen\u021ba Rom\u00e2niei era recunoscut\u0103.\u00a0<\/h4>\n\n\n\n<h4 class=\"wp-block-heading\">Rom\u00e2nia\u00a0primea\u00a0Dobrogea\u00a0\u00een schimbul\u00a0sudului Basarabiei.<\/h4>\n\n\n\n<p>Este semnat\u00a0Tratatul de la San Stefano, care punea punct\u00a0R\u0103zboiului de Independen\u021b\u0103 al Rom\u00e2niei. Independen\u021ba Rom\u00e2niei era recunoscut\u0103.\u00a0Rom\u00e2nia\u00a0primea\u00a0Dobrogea\u00a0\u00een schimbul\u00a0sudului Basarabiei.<\/p>\n<\/div>\n\n\n\n<p>Tratatul preliminar de la San Stefano a fost semnat pe 3 martie 1878 de c\u0103tre Imperiul Rus \u0219i Imperiul Otoman. Tratatul punea cap\u0103t R\u0103zboiului Ruso-Turc din 1877-1878, \u00een care Rom\u00e2nia a luptat al\u0103turi de Rusia \u00eempotriva Imperiului Otoman. Tratatul a recunoscut independen\u021ba Rom\u00e2niei, cu condi\u021bia ca aceasta s\u0103 cedeze sudul Basarabiei Imperiului Rus.<\/p>\n\n\n\n<p>Rom\u00e2nia a primit Dobrogea \u00een schimbul Basarabiei de Sud. Tratatul a creat un principat autonom al Bulgariei, care includea \u0219i Dobrogea de Sud. Serbia \u0219i Muntenegru au ob\u021binut independen\u021ba, iar teritoriile lor au fost extinse.<\/p>\n\n\n\n<p>Marile Puteri europene au fost nemul\u021bumite de prevederile Tratatului de la San Stefano, consider\u00e2nd c\u0103 favorizeaz\u0103 prea mult Rusia. Congresul de la Berlin a fost convocat \u00een 1878 pentru a revizui tratatul.<\/p>\n\n\n\n<p>Congresul a redus semnificativ teritoriul principatului Bulgariei, iar Dobrogea de Sud a fost retrocedat\u0103 Rom\u00e2niei. Tratatul de la San Stefano a marcat un pas important spre ob\u021binerea independen\u021bei depline a Rom\u00e2niei.Dobrogea a adus Rom\u00e2niei o ie\u0219ire la Marea Neagr\u0103, o pozi\u021bie geostrategic\u0103 important\u0103.<\/p>\n\n\n\n<p class=\"has-text-align-right\"><strong><em>Cesiunea Basarabiei de Sud a fost o pierdere semnificativ\u0103 pentru Rom\u00e2nia, care a afectat rela\u021biile cu Rusia.<\/em><\/strong><\/p>\n\n\n\n<figure class=\"wp-block-image size-full is-resized\"><img loading=\"lazy\" decoding=\"async\" width=\"380\" height=\"198\" src=\"https:\/\/mindtime.ro\/wp-content\/uploads\/2024\/03\/Tratat-san-Stefano.jpg\" alt=\"\" class=\"wp-image-1787\" style=\"width:832px;height:auto\" srcset=\"https:\/\/mindtime.ro\/wp-content\/uploads\/2024\/03\/Tratat-san-Stefano.jpg 380w, https:\/\/mindtime.ro\/wp-content\/uploads\/2024\/03\/Tratat-san-Stefano-300x156.jpg 300w\" sizes=\"auto, (max-width: 380px) 100vw, 380px\" \/><\/figure>\n<\/div>\n\n\n\n<div class=\"wp-block-group is-vertical is-layout-flex wp-container-core-group-is-layout-8cf370e7 wp-block-group-is-layout-flex\">\n<div class=\"wp-block-group is-vertical is-layout-flex wp-container-core-group-is-layout-8cf370e7 wp-block-group-is-layout-flex\">\n<p>1904: Kaiserul\u00a0Wilhelm al II-lea al Germaniei\u00a0a devenit prima persoan\u0103 care a \u00eenregistrat un document politic folosind fonograful lui\u00a0Thomas Edison.<\/p>\n\n\n\n<p>1907: R\u0103scoalele \u021b\u0103r\u0103ne\u0219ti din 1907: A avut loc prima mare ciocnire dintre r\u0103scula\u021bi \u0219i armat\u0103, la\u00a0Pa\u0219cani. \u021a\u0103ranii aresta\u021bi au fost elibera\u021bi de c\u0103tre muncitorii ceferi\u0219ti de la depoul local.<\/p>\n\n\n\n<p>1915: \u00cen Statele Unite este \u00eenfiin\u021bat Comitetul Na\u021bional Consultativ pentru Aeronautic\u0103 (NACA) pentru cercetarea de baz\u0103 \u00een avia\u021bie. Ulterior, din aceast\u0103 organiza\u021bie s-a dezvoltat\u00a0NASA.<\/p>\n\n\n\n<p>1916: A avut loc premiera piesei \u201ePatima ro\u0219ie\u201d, de\u00a0Mihail Sorbul, la\u00a0Teatrul Na\u021bional din Bucure\u0219ti.<\/p>\n\n\n\n<p>1918:\u00a0Rusia bol\u0219evic\u0103\u00a0\u0219i\u00a0Puterile Centrale\u00a0au semnat\u00a0tratatul de la Brest-Litovsk, prin care Rusia a ie\u0219it din\u00a0Primul R\u0103zboi Mondial.<\/p>\n\n\n\n<p>1923: Apare la New York prima edi\u021bie a revistei de \u0219tiri\u00a0Time\u00a0fondat\u0103 de Briton Hadden \u0219i Henry Luce, devenind prima revist\u0103 s\u0103pt\u0103m\u00e2nal\u0103 din Statele Unite.<\/p>\n\n\n\n<p>1930:\u00a0Se na\u0219te, Ion Iliescu, politician rom\u00e2n, pre\u0219edinte al Rom\u00e2niei \u00een perioada 1990-1996, 2000-2004.<\/p>\n\n\n\n<p>1955:\u00a0Elvis Presley\u00a0apare la TV pentru prima dat\u0103.<\/p>\n\n\n\n<p>1969:\u00a0Programul Apollo\u00a0\u2013\u00a0NASA\u00a0lanseaz\u0103\u00a0<em>Apollo 9<\/em>\u00a0la bordul unei rachete\u00a0Saturn V. Scopul misiunii este de a testa\u00a0modulul lunar.<\/p>\n\n\n\n<p>1974: La scurt timp dup\u0103 ce a decolat de pe Aeroportul Paris-Orly, zborul Turkish Airlines 981 s-a pr\u0103bu\u0219it. 346 de oameni sunt uci\u0219i \u00een accident. La acea vreme, zborul 981 a fost accidentul aviatic cu cele mai multe decese din istoria avia\u021biei.<\/p>\n<\/div>\n\n\n\n<p>1992:\u00a0Se na\u0219te, ADDA, c\u00e2nt\u0103rea\u021b\u0103 \u0219i compozitoare rom\u00e2n\u0103.<\/p>\n\n\n\n<p>1997: Se na\u0219te, \u00a0Camila Cabello, c\u00e2nt\u0103rea\u021b\u0103 american\u0103.<\/p>\n\n\n\n<h2 class=\"wp-block-heading\">S\u0103rb\u0103torim ast\u0103zi:<\/h2>\n\n\n\n<ul class=\"wp-block-list\">\n<li>Ziua facerii fericite a persoanelor apropiate.<\/li>\n\n\n\n<li>Ziua na\u021bional\u0103 a Bulgariei,<\/li>\n\n\n\n<li>Ziua mondial\u0103 a faunei s\u0103lbatice.<\/li>\n\n\n\n<li>Calendar ortodox:  Sf\u00e2ntul Mucenic Vasilisc, Sf\u00e2ntul Mucenic Cleonic, Sf\u00e2ntul Mucenic Eutropie<\/li>\n\n\n\n<li>DUMINICA a 3-a din Postul Mare Ss. Cunegunda, \u00eemp.; Marin, osta\u015f.<\/li>\n<\/ul>\n\n\n\n<h2 class=\"wp-block-heading\">Pilda zilei:<\/h2>\n\n\n\n<p>&#8216;<em>&#8216;Ziarul Universul de la 17 August 1928 relateaz\u0103 urm\u0103toarea \u00eent\u00e2mplare: \u00cen portul Sidney hamalii desc\u0103rcau marfa unui vapor. O lad\u0103 cu ceasornice de\u0219tept\u0103toare fiind avariat\u0103, a fost pus\u0103 la o parte spre a fi reparat\u0103. Hamalii \u00eens\u0103 au furat c\u00e2te un ceasornic, ascunz\u00e2ndu-l fiecare \u00een leg\u0103tura cu merinde. Un func\u021bionar al societ\u0103\u021bii de naviga\u021bie i-a obsevat. Pe ascuns a potrivit fiecare ceas la ora 12 \u0219i c\u00e2teva minute, c\u00e2nd hamalii urmau s\u0103 plece acas\u0103, fiind atunci ora plec\u0103rii de la lucru. C\u00e2nd hamalii treceau pe punte spre cas\u0103, ceasornicele \u00eencepur\u0103 s\u0103 de\u0219tepte nu numa con\u0219tiin\u021ba lor, dar \u0219i a poli\u021bistului care era postat la cap\u0103tul pun\u021bii. Hamalii fur\u0103 aresta\u021bi.<\/em><\/p>\n\n\n\n<p><em>Fiecare dintre noi are un ceas de\u0219tept\u0103tor, care e con\u0219tiin\u021ba. Glasul ei ne fere\u0219te de r\u0103u. S\u0103 ascult\u0103m de glasul ei \u0219i s\u0103 nu ajungem ca al\u021bii s\u0103 ne de\u0219tepte la realitate.&#8221;<\/em><\/p>\n\n\n\n<p class=\"has-text-align-center\">                                                            O mie de pilde, Ed. Arad 1929, Tipografia Diecenezei<\/p>\n\n\n\n<h2 class=\"wp-block-heading has-text-align-right has-background\" style=\"background:linear-gradient(135deg,rgb(6,147,227) 0%,rgb(222,204,71) 12%,rgb(155,81,224) 100%)\">By LaneyC<\/h2>\n<\/div>\n","protected":false},"excerpt":{"rendered":"<p>Marcat\u0103 \u00een fiecare an pe 3 martie, Ziua Mondial\u0103 a Scriitorilor este o s\u0103rb\u0103toare a literaturii \u0219i culturii universale, demonstr\u00e2nd c\u0103 arta nu este constr\u00e2ns\u0103 de nici o grani\u021b\u0103. Ziua Mondial\u0103 a Scriitorilor a fost instituit\u0103 \u00een 1986 de c\u0103tre English Pen Club. Ziua Mondial\u0103 a Scriitorilor este o ocazie de a: recunoa\u0219te contribu\u021bia scriitorilor &hellip; <a href=\"https:\/\/mindtime.ro\/index.php\/2024\/03\/02\/3-martie-ziua-mondiala-a-scriitorilor\/\" class=\"more-link\">Continue reading <span class=\"screen-reader-text\">3 Martie &#8211; Ziua mondial\u0103 a scriitorilor<\/span><\/a><\/p>\n","protected":false},"author":3,"featured_media":1785,"comment_status":"closed","ping_status":"open","sticky":true,"template":"","format":"standard","meta":{"footnotes":""},"categories":[10],"tags":[313,80,316,315],"class_list":["post-1779","post","type-post","status-publish","format-standard","has-post-thumbnail","hentry","category-calendar","tag-3-martie","tag-independenta-romaniei","tag-libertate-de-exprimare","tag-ziua-scriitorilor"],"yoast_head":"<!-- This site is optimized with the Yoast SEO plugin v27.5 - https:\/\/yoast.com\/product\/yoast-seo-wordpress\/ -->\n<title>3 Martie - Ziua mondial\u0103 a scriitorilor - Mind Time<\/title>\n<meta name=\"description\" content=\"Marcat\u0103 \u00een fiecare an pe 3 martie, Ziua Mondial\u0103 a Scriitorilor este o s\u0103rb\u0103toare a literaturii \u0219i culturii universale.\" \/>\n<meta name=\"robots\" content=\"index, follow, max-snippet:-1, max-image-preview:large, max-video-preview:-1\" \/>\n<link rel=\"canonical\" href=\"https:\/\/mindtime.ro\/index.php\/2024\/03\/02\/3-martie-ziua-mondiala-a-scriitorilor\/\" \/>\n<meta property=\"og:locale\" content=\"ro_RO\" \/>\n<meta property=\"og:type\" content=\"article\" \/>\n<meta property=\"og:title\" content=\"3 Martie - Ziua mondial\u0103 a scriitorilor - Mind Time\" \/>\n<meta property=\"og:description\" content=\"Marcat\u0103 \u00een fiecare an pe 3 martie, Ziua Mondial\u0103 a Scriitorilor este o s\u0103rb\u0103toare a literaturii \u0219i culturii universale.\" \/>\n<meta property=\"og:url\" content=\"https:\/\/mindtime.ro\/index.php\/2024\/03\/02\/3-martie-ziua-mondiala-a-scriitorilor\/\" \/>\n<meta property=\"og:site_name\" content=\"Mind Time\" \/>\n<meta property=\"article:published_time\" content=\"2024-03-02T12:59:00+00:00\" \/>\n<meta property=\"article:modified_time\" content=\"2024-03-03T13:00:16+00:00\" \/>\n<meta property=\"og:image\" content=\"https:\/\/mindtime.ro\/wp-content\/uploads\/2024\/03\/Ziua-scriitorilot.jpg\" \/>\n\t<meta property=\"og:image:width\" content=\"640\" \/>\n\t<meta property=\"og:image:height\" content=\"427\" \/>\n\t<meta property=\"og:image:type\" content=\"image\/jpeg\" \/>\n<meta name=\"author\" content=\"LaneyC\" \/>\n<meta name=\"twitter:card\" content=\"summary_large_image\" \/>\n<meta name=\"twitter:label1\" content=\"Scris de\" \/>\n\t<meta name=\"twitter:data1\" content=\"LaneyC\" \/>\n\t<meta name=\"twitter:label2\" content=\"Timp estimat pentru citire\" \/>\n\t<meta name=\"twitter:data2\" content=\"6 minute\" \/>\n<script type=\"application\/ld+json\" class=\"yoast-schema-graph\">{\"@context\":\"https:\\\/\\\/schema.org\",\"@graph\":[{\"@type\":\"Article\",\"@id\":\"https:\\\/\\\/mindtime.ro\\\/index.php\\\/2024\\\/03\\\/02\\\/3-martie-ziua-mondiala-a-scriitorilor\\\/#article\",\"isPartOf\":{\"@id\":\"https:\\\/\\\/mindtime.ro\\\/index.php\\\/2024\\\/03\\\/02\\\/3-martie-ziua-mondiala-a-scriitorilor\\\/\"},\"author\":{\"name\":\"LaneyC\",\"@id\":\"https:\\\/\\\/mindtime.ro\\\/#\\\/schema\\\/person\\\/6efe0e4bfa5462ebd155232d6cc887a2\"},\"headline\":\"3 Martie &#8211; Ziua mondial\u0103 a scriitorilor\",\"datePublished\":\"2024-03-02T12:59:00+00:00\",\"dateModified\":\"2024-03-03T13:00:16+00:00\",\"mainEntityOfPage\":{\"@id\":\"https:\\\/\\\/mindtime.ro\\\/index.php\\\/2024\\\/03\\\/02\\\/3-martie-ziua-mondiala-a-scriitorilor\\\/\"},\"wordCount\":1101,\"image\":{\"@id\":\"https:\\\/\\\/mindtime.ro\\\/index.php\\\/2024\\\/03\\\/02\\\/3-martie-ziua-mondiala-a-scriitorilor\\\/#primaryimage\"},\"thumbnailUrl\":\"https:\\\/\\\/mindtime.ro\\\/wp-content\\\/uploads\\\/2024\\\/03\\\/Ziua-scriitorilot.jpg\",\"keywords\":[\"3 martie\",\"INdependenta Romaniei\",\"Libertate de exprimare\",\"Ziua scriitorilor\"],\"articleSection\":[\"Calendar\"],\"inLanguage\":\"ro-RO\"},{\"@type\":\"WebPage\",\"@id\":\"https:\\\/\\\/mindtime.ro\\\/index.php\\\/2024\\\/03\\\/02\\\/3-martie-ziua-mondiala-a-scriitorilor\\\/\",\"url\":\"https:\\\/\\\/mindtime.ro\\\/index.php\\\/2024\\\/03\\\/02\\\/3-martie-ziua-mondiala-a-scriitorilor\\\/\",\"name\":\"3 Martie - Ziua mondial\u0103 a scriitorilor - Mind Time\",\"isPartOf\":{\"@id\":\"https:\\\/\\\/mindtime.ro\\\/#website\"},\"primaryImageOfPage\":{\"@id\":\"https:\\\/\\\/mindtime.ro\\\/index.php\\\/2024\\\/03\\\/02\\\/3-martie-ziua-mondiala-a-scriitorilor\\\/#primaryimage\"},\"image\":{\"@id\":\"https:\\\/\\\/mindtime.ro\\\/index.php\\\/2024\\\/03\\\/02\\\/3-martie-ziua-mondiala-a-scriitorilor\\\/#primaryimage\"},\"thumbnailUrl\":\"https:\\\/\\\/mindtime.ro\\\/wp-content\\\/uploads\\\/2024\\\/03\\\/Ziua-scriitorilot.jpg\",\"datePublished\":\"2024-03-02T12:59:00+00:00\",\"dateModified\":\"2024-03-03T13:00:16+00:00\",\"author\":{\"@id\":\"https:\\\/\\\/mindtime.ro\\\/#\\\/schema\\\/person\\\/6efe0e4bfa5462ebd155232d6cc887a2\"},\"description\":\"Marcat\u0103 \u00een fiecare an pe 3 martie, Ziua Mondial\u0103 a Scriitorilor este o s\u0103rb\u0103toare a literaturii \u0219i culturii universale.\",\"breadcrumb\":{\"@id\":\"https:\\\/\\\/mindtime.ro\\\/index.php\\\/2024\\\/03\\\/02\\\/3-martie-ziua-mondiala-a-scriitorilor\\\/#breadcrumb\"},\"inLanguage\":\"ro-RO\",\"potentialAction\":[{\"@type\":\"ReadAction\",\"target\":[\"https:\\\/\\\/mindtime.ro\\\/index.php\\\/2024\\\/03\\\/02\\\/3-martie-ziua-mondiala-a-scriitorilor\\\/\"]}]},{\"@type\":\"ImageObject\",\"inLanguage\":\"ro-RO\",\"@id\":\"https:\\\/\\\/mindtime.ro\\\/index.php\\\/2024\\\/03\\\/02\\\/3-martie-ziua-mondiala-a-scriitorilor\\\/#primaryimage\",\"url\":\"https:\\\/\\\/mindtime.ro\\\/wp-content\\\/uploads\\\/2024\\\/03\\\/Ziua-scriitorilot.jpg\",\"contentUrl\":\"https:\\\/\\\/mindtime.ro\\\/wp-content\\\/uploads\\\/2024\\\/03\\\/Ziua-scriitorilot.jpg\",\"width\":640,\"height\":427},{\"@type\":\"BreadcrumbList\",\"@id\":\"https:\\\/\\\/mindtime.ro\\\/index.php\\\/2024\\\/03\\\/02\\\/3-martie-ziua-mondiala-a-scriitorilor\\\/#breadcrumb\",\"itemListElement\":[{\"@type\":\"ListItem\",\"position\":1,\"name\":\"Prima pagin\u0103\",\"item\":\"https:\\\/\\\/mindtime.ro\\\/\"},{\"@type\":\"ListItem\",\"position\":2,\"name\":\"3 Martie &#8211; Ziua mondial\u0103 a scriitorilor\"}]},{\"@type\":\"WebSite\",\"@id\":\"https:\\\/\\\/mindtime.ro\\\/#website\",\"url\":\"https:\\\/\\\/mindtime.ro\\\/\",\"name\":\"Mind Time\",\"description\":\"Relaxeaza-ti mintea !\",\"potentialAction\":[{\"@type\":\"SearchAction\",\"target\":{\"@type\":\"EntryPoint\",\"urlTemplate\":\"https:\\\/\\\/mindtime.ro\\\/?s={search_term_string}\"},\"query-input\":{\"@type\":\"PropertyValueSpecification\",\"valueRequired\":true,\"valueName\":\"search_term_string\"}}],\"inLanguage\":\"ro-RO\"},{\"@type\":\"Person\",\"@id\":\"https:\\\/\\\/mindtime.ro\\\/#\\\/schema\\\/person\\\/6efe0e4bfa5462ebd155232d6cc887a2\",\"name\":\"LaneyC\",\"image\":{\"@type\":\"ImageObject\",\"inLanguage\":\"ro-RO\",\"@id\":\"https:\\\/\\\/secure.gravatar.com\\\/avatar\\\/788abfddfb766c27a3406096a0f747b84cea126b13e84ba5cb61a96666f64663?s=96&d=mm&r=g\",\"url\":\"https:\\\/\\\/secure.gravatar.com\\\/avatar\\\/788abfddfb766c27a3406096a0f747b84cea126b13e84ba5cb61a96666f64663?s=96&d=mm&r=g\",\"contentUrl\":\"https:\\\/\\\/secure.gravatar.com\\\/avatar\\\/788abfddfb766c27a3406096a0f747b84cea126b13e84ba5cb61a96666f64663?s=96&d=mm&r=g\",\"caption\":\"LaneyC\"},\"sameAs\":[\"https:\\\/\\\/mindtime.ro\"],\"url\":\"https:\\\/\\\/mindtime.ro\\\/index.php\\\/author\\\/admin-2\\\/\"}]}<\/script>\n<!-- \/ Yoast SEO plugin. -->","yoast_head_json":{"title":"3 Martie - Ziua mondial\u0103 a scriitorilor - Mind Time","description":"Marcat\u0103 \u00een fiecare an pe 3 martie, Ziua Mondial\u0103 a Scriitorilor este o s\u0103rb\u0103toare a literaturii \u0219i culturii universale.","robots":{"index":"index","follow":"follow","max-snippet":"max-snippet:-1","max-image-preview":"max-image-preview:large","max-video-preview":"max-video-preview:-1"},"canonical":"https:\/\/mindtime.ro\/index.php\/2024\/03\/02\/3-martie-ziua-mondiala-a-scriitorilor\/","og_locale":"ro_RO","og_type":"article","og_title":"3 Martie - Ziua mondial\u0103 a scriitorilor - Mind Time","og_description":"Marcat\u0103 \u00een fiecare an pe 3 martie, Ziua Mondial\u0103 a Scriitorilor este o s\u0103rb\u0103toare a literaturii \u0219i culturii universale.","og_url":"https:\/\/mindtime.ro\/index.php\/2024\/03\/02\/3-martie-ziua-mondiala-a-scriitorilor\/","og_site_name":"Mind Time","article_published_time":"2024-03-02T12:59:00+00:00","article_modified_time":"2024-03-03T13:00:16+00:00","og_image":[{"width":640,"height":427,"url":"https:\/\/mindtime.ro\/wp-content\/uploads\/2024\/03\/Ziua-scriitorilot.jpg","type":"image\/jpeg"}],"author":"LaneyC","twitter_card":"summary_large_image","twitter_misc":{"Scris de":"LaneyC","Timp estimat pentru citire":"6 minute"},"schema":{"@context":"https:\/\/schema.org","@graph":[{"@type":"Article","@id":"https:\/\/mindtime.ro\/index.php\/2024\/03\/02\/3-martie-ziua-mondiala-a-scriitorilor\/#article","isPartOf":{"@id":"https:\/\/mindtime.ro\/index.php\/2024\/03\/02\/3-martie-ziua-mondiala-a-scriitorilor\/"},"author":{"name":"LaneyC","@id":"https:\/\/mindtime.ro\/#\/schema\/person\/6efe0e4bfa5462ebd155232d6cc887a2"},"headline":"3 Martie &#8211; Ziua mondial\u0103 a scriitorilor","datePublished":"2024-03-02T12:59:00+00:00","dateModified":"2024-03-03T13:00:16+00:00","mainEntityOfPage":{"@id":"https:\/\/mindtime.ro\/index.php\/2024\/03\/02\/3-martie-ziua-mondiala-a-scriitorilor\/"},"wordCount":1101,"image":{"@id":"https:\/\/mindtime.ro\/index.php\/2024\/03\/02\/3-martie-ziua-mondiala-a-scriitorilor\/#primaryimage"},"thumbnailUrl":"https:\/\/mindtime.ro\/wp-content\/uploads\/2024\/03\/Ziua-scriitorilot.jpg","keywords":["3 martie","INdependenta Romaniei","Libertate de exprimare","Ziua scriitorilor"],"articleSection":["Calendar"],"inLanguage":"ro-RO"},{"@type":"WebPage","@id":"https:\/\/mindtime.ro\/index.php\/2024\/03\/02\/3-martie-ziua-mondiala-a-scriitorilor\/","url":"https:\/\/mindtime.ro\/index.php\/2024\/03\/02\/3-martie-ziua-mondiala-a-scriitorilor\/","name":"3 Martie - Ziua mondial\u0103 a scriitorilor - Mind Time","isPartOf":{"@id":"https:\/\/mindtime.ro\/#website"},"primaryImageOfPage":{"@id":"https:\/\/mindtime.ro\/index.php\/2024\/03\/02\/3-martie-ziua-mondiala-a-scriitorilor\/#primaryimage"},"image":{"@id":"https:\/\/mindtime.ro\/index.php\/2024\/03\/02\/3-martie-ziua-mondiala-a-scriitorilor\/#primaryimage"},"thumbnailUrl":"https:\/\/mindtime.ro\/wp-content\/uploads\/2024\/03\/Ziua-scriitorilot.jpg","datePublished":"2024-03-02T12:59:00+00:00","dateModified":"2024-03-03T13:00:16+00:00","author":{"@id":"https:\/\/mindtime.ro\/#\/schema\/person\/6efe0e4bfa5462ebd155232d6cc887a2"},"description":"Marcat\u0103 \u00een fiecare an pe 3 martie, Ziua Mondial\u0103 a Scriitorilor este o s\u0103rb\u0103toare a literaturii \u0219i culturii universale.","breadcrumb":{"@id":"https:\/\/mindtime.ro\/index.php\/2024\/03\/02\/3-martie-ziua-mondiala-a-scriitorilor\/#breadcrumb"},"inLanguage":"ro-RO","potentialAction":[{"@type":"ReadAction","target":["https:\/\/mindtime.ro\/index.php\/2024\/03\/02\/3-martie-ziua-mondiala-a-scriitorilor\/"]}]},{"@type":"ImageObject","inLanguage":"ro-RO","@id":"https:\/\/mindtime.ro\/index.php\/2024\/03\/02\/3-martie-ziua-mondiala-a-scriitorilor\/#primaryimage","url":"https:\/\/mindtime.ro\/wp-content\/uploads\/2024\/03\/Ziua-scriitorilot.jpg","contentUrl":"https:\/\/mindtime.ro\/wp-content\/uploads\/2024\/03\/Ziua-scriitorilot.jpg","width":640,"height":427},{"@type":"BreadcrumbList","@id":"https:\/\/mindtime.ro\/index.php\/2024\/03\/02\/3-martie-ziua-mondiala-a-scriitorilor\/#breadcrumb","itemListElement":[{"@type":"ListItem","position":1,"name":"Prima pagin\u0103","item":"https:\/\/mindtime.ro\/"},{"@type":"ListItem","position":2,"name":"3 Martie &#8211; Ziua mondial\u0103 a scriitorilor"}]},{"@type":"WebSite","@id":"https:\/\/mindtime.ro\/#website","url":"https:\/\/mindtime.ro\/","name":"Mind Time","description":"Relaxeaza-ti mintea !","potentialAction":[{"@type":"SearchAction","target":{"@type":"EntryPoint","urlTemplate":"https:\/\/mindtime.ro\/?s={search_term_string}"},"query-input":{"@type":"PropertyValueSpecification","valueRequired":true,"valueName":"search_term_string"}}],"inLanguage":"ro-RO"},{"@type":"Person","@id":"https:\/\/mindtime.ro\/#\/schema\/person\/6efe0e4bfa5462ebd155232d6cc887a2","name":"LaneyC","image":{"@type":"ImageObject","inLanguage":"ro-RO","@id":"https:\/\/secure.gravatar.com\/avatar\/788abfddfb766c27a3406096a0f747b84cea126b13e84ba5cb61a96666f64663?s=96&d=mm&r=g","url":"https:\/\/secure.gravatar.com\/avatar\/788abfddfb766c27a3406096a0f747b84cea126b13e84ba5cb61a96666f64663?s=96&d=mm&r=g","contentUrl":"https:\/\/secure.gravatar.com\/avatar\/788abfddfb766c27a3406096a0f747b84cea126b13e84ba5cb61a96666f64663?s=96&d=mm&r=g","caption":"LaneyC"},"sameAs":["https:\/\/mindtime.ro"],"url":"https:\/\/mindtime.ro\/index.php\/author\/admin-2\/"}]}},"_links":{"self":[{"href":"https:\/\/mindtime.ro\/index.php\/wp-json\/wp\/v2\/posts\/1779","targetHints":{"allow":["GET"]}}],"collection":[{"href":"https:\/\/mindtime.ro\/index.php\/wp-json\/wp\/v2\/posts"}],"about":[{"href":"https:\/\/mindtime.ro\/index.php\/wp-json\/wp\/v2\/types\/post"}],"author":[{"embeddable":true,"href":"https:\/\/mindtime.ro\/index.php\/wp-json\/wp\/v2\/users\/3"}],"replies":[{"embeddable":true,"href":"https:\/\/mindtime.ro\/index.php\/wp-json\/wp\/v2\/comments?post=1779"}],"version-history":[{"count":7,"href":"https:\/\/mindtime.ro\/index.php\/wp-json\/wp\/v2\/posts\/1779\/revisions"}],"predecessor-version":[{"id":1788,"href":"https:\/\/mindtime.ro\/index.php\/wp-json\/wp\/v2\/posts\/1779\/revisions\/1788"}],"wp:featuredmedia":[{"embeddable":true,"href":"https:\/\/mindtime.ro\/index.php\/wp-json\/wp\/v2\/media\/1785"}],"wp:attachment":[{"href":"https:\/\/mindtime.ro\/index.php\/wp-json\/wp\/v2\/media?parent=1779"}],"wp:term":[{"taxonomy":"category","embeddable":true,"href":"https:\/\/mindtime.ro\/index.php\/wp-json\/wp\/v2\/categories?post=1779"},{"taxonomy":"post_tag","embeddable":true,"href":"https:\/\/mindtime.ro\/index.php\/wp-json\/wp\/v2\/tags?post=1779"}],"curies":[{"name":"wp","href":"https:\/\/api.w.org\/{rel}","templated":true}]}}