{"id":1719,"date":"2024-01-24T12:53:54","date_gmt":"2024-01-24T10:53:54","guid":{"rendered":"https:\/\/mindtime.ro\/?p=1719"},"modified":"2024-01-24T12:53:56","modified_gmt":"2024-01-24T10:53:56","slug":"scrisoarea-lui-stefan-cel-mare","status":"publish","type":"post","link":"https:\/\/mindtime.ro\/index.php\/2024\/01\/24\/scrisoarea-lui-stefan-cel-mare\/","title":{"rendered":"25 ianuarie &#8211; Scrisoarea lui \u0218tefan cel Mare"},"content":{"rendered":"\n<p>In luna ianuarie \u00een 25, anul Domnului 1475, dupa semnatura vremii, Stefan cel Mare trimite o scrisoare pentru a se adresa puterilor apusene anun\u021b\u00e2ndu-le victoria pe care a repurtat-o asupra turcilor la&nbsp;Vaslui \u0219i cer\u00e2nd sprijin \u00eempotriva puterii otomane.<\/p>\n\n\n\n<p>\u201c<em>C\u0103tre Coroana ungureasc\u0103 \u015fi c\u0103tre toate \u0163\u0103rile \u00een care va ajunge aceast\u0103 scrisoare, s\u0103n\u0103tate. Noi, \u015etefan voievod, din mila lui Dumnezeu domn al \u0162\u0103rii Moldovei, m\u0103 \u00eenchin cu prietenie vou\u0103, tuturor c\u0103rora le scriu, \u015fi v\u0103 doresc tot binele, \u015fi v\u0103 spun Domniilor Voastre c\u0103 necredinciosul \u00eemp\u0103rat al turcilor a fost de mult\u0103 vreme \u015fi este \u00eenc\u0103 pierz\u0103torul \u00eentregii cre\u015ftin\u0103t\u0103\u0163i \u015fi \u00een fiecare zi se g\u00e2nde\u015fte cum ar putea s\u0103 supun\u0103 \u015fi s\u0103 nimiceasc\u0103 toat\u0103 cre\u015ftin\u0103tatea. De aceea, facem cunoscut Domniilor Voastre c\u0103, pe la Boboteaza trecut\u0103, mai sus-numitul turc a trimis \u00een \u0163ara noastr\u0103 \u015fi \u00eempotriva noastr\u0103 o mare o\u015ftire, \u00een num\u0103r de 120.000 de oameni, al c\u0103rei c\u0103pitan de frunte era Soliman pa\u015fa beglerbegul; \u00eempreun\u0103 cu acesta se aflau to\u0163i curtenii sus-numitului turc, \u015fi toate popoarele din Romania, \u015fi domnul \u0162\u0103rii Muntene\u015fti cu toat\u0103 puterea lui, \u015fi Assan beg, \u015fi Ali beg, \u015fi Schender beg, \u015fi Grana beg, \u015fi O\u015fu beg, \u015fi Valtival beg, \u015fi Serefaga beg, domnul din Sofia, \u015fi Cusenra beg, \u015fi Piri beg, fiul lui Isac pa\u015fa, cu toat\u0103 puterea lui de ieniceri.<\/em><\/p>\n\n\n\n<h6 class=\"wp-block-heading\"><em>Ace\u015fti mai sus-numi\u0163i erau to\u0163i c\u0103pitanii cei mari, cu o\u015ftile lor. Auzind \u015fi v\u0103z\u00e2nd noi acestea, am luat sabia \u00een m\u00e2n\u0103 \u015fi, cu ajutorul Domnului Dumnezeului nostru Atotputernic, am mers \u00eempotriva du\u015fmanilor cre\u015ftin\u0103t\u0103\u0163ii, i-am biruit \u015fi i-am c\u0103lcat \u00een picioare, \u015fi pe to\u0163i i-am trecut sub ascu\u0163i\u015ful sabiei noastre; pentru care lucru, l\u0103udat s\u0103 fie Domnul Dumnezeul nostru<\/em>.<\/h6>\n\n\n\n<p><em>Auzind despre aceasta, p\u0103g\u00e2nul \u00eemp\u0103rat al turcilor \u00ee\u015fi puse \u00een g\u00e2nd s\u0103 se r\u0103zbune \u015fi s\u0103 vie, \u00een luna lui mai, cu capul s\u0103u \u015fi cu toat\u0103 puterea sa \u00eempotriva noastr\u0103 \u015fi s\u0103 supun\u0103 \u0163ara noastr\u0103, care e poarta cre\u015ftin\u0103t\u0103\u0163ii \u015fi pe care Dumnezeu a ferit-o p\u00e2n\u0103 acum. Dar dac\u0103 aceast\u0103 poart\u0103, care e \u0163ara noastr\u0103, va fi pierdut\u0103 \u2013 Dumnezeu s\u0103 ne fereasc\u0103 de a\u015fa ceva \u2013 atunci toat\u0103 cre\u015ftin\u0103tatea va fi \u00een mare primejdie.<\/em><\/p>\n\n\n\n<p><em>De aceea, ne rug\u0103m de Domniile Voastre s\u0103 ne trimite\u0163i pe c\u0103pitanii vo\u015ftri \u00eentr-ajutor \u00eempotriva du\u015fmanilor cre\u015ftin\u0103t\u0103\u0163ii, p\u00e2n\u0103 mai este vreme, fiindc\u0103 turcul are acum mul\u0163i potrivnici \u015fi din toate p\u0103r\u0163ile are de lucru cu oameni ce-i stau \u00eempotriv\u0103 cu sabia \u00een m\u00e2n\u0103. Iar noi, din partea noastr\u0103, f\u0103g\u0103duim, pe credin\u0163a noastr\u0103 cre\u015ftineasc\u0103 \u015fi cu jur\u0103m\u00e2ntul Domniei Noastre, c\u0103 vom sta \u00een picioare \u015fi ne vom lupta p\u00e2n\u0103 la moarte pentru legea cre\u015ftineasc\u0103, noi cu capul nostru. A\u015fa trebuie s\u0103 face\u0163i \u015fi voi, pe mare \u015fi pe uscat, dup\u0103 ce, cu ajutorul lui Dumnezeu celui Atotputernic, noi i-am t\u0103iat m\u00e2n\u0103 cea dreapt\u0103. Deci, fi\u0163i gata, f\u0103r\u0103 \u00eent\u00e2rziere.<\/em><\/p>\n\n\n\n<p><em>Dat\u0103 \u00een Suceava, \u00een ziua de Sf\u00e2ntul Pavel, luna ianuarie \u00een 25, anul Domnului 1475.<br>\u015etefan voievod, domnul \u0162\u0103rii Moldovei.\u201d<\/em><\/p>\n\n\n\n<h2 class=\"wp-block-heading\"><strong>25 ianuarie \u2013&nbsp;Ziua&nbsp;Interna\u021bional\u0103 a&nbsp;Persoanelor Rebele<\/strong><\/h2>\n\n\n\n<p>Data de&nbsp;<strong>25<\/strong>&nbsp;ianuarie marcheaz\u0103&nbsp;<strong>Ziua Interna\u021bional\u0103 a Persoanelor Rebele<\/strong>. Intr-o oarecare masur\u0103 to\u021bi suntem pu\u021bin rebeli. Ast\u0103zi s\u0103 ne amintim c\u0103 ne putem da voie s\u0103 fim \u0219i pu\u021bin rebeli, s\u0103 trecem peste regulile pe care le urm\u0103m zilnic \u0219i pentru un moment s\u0103 respir\u0103m un aer diferit, \u00eembog\u0103\u021bit de partea rebel\u0103 din noi.<\/p>\n\n\n<div class=\"wp-block-image\">\n<figure class=\"alignleft size-full is-resized\"><img loading=\"lazy\" decoding=\"async\" width=\"787\" height=\"875\" src=\"https:\/\/mindtime.ro\/wp-content\/uploads\/2024\/01\/417496484_10233297516407066_3592432465517570285_n.jpg\" alt=\"\" class=\"wp-image-1725\" style=\"width:281px;height:auto\" srcset=\"https:\/\/mindtime.ro\/wp-content\/uploads\/2024\/01\/417496484_10233297516407066_3592432465517570285_n.jpg 787w, https:\/\/mindtime.ro\/wp-content\/uploads\/2024\/01\/417496484_10233297516407066_3592432465517570285_n-270x300.jpg 270w, https:\/\/mindtime.ro\/wp-content\/uploads\/2024\/01\/417496484_10233297516407066_3592432465517570285_n-768x854.jpg 768w, https:\/\/mindtime.ro\/wp-content\/uploads\/2024\/01\/417496484_10233297516407066_3592432465517570285_n-450x500.jpg 450w\" sizes=\"auto, (max-width: 787px) 100vw, 787px\" \/><\/figure>\n<\/div>\n\n\n<p>&nbsp;Rebeliunea este o tr\u0103s\u0103tur\u0103 cu care ne na\u0219tem. Nu are leg\u0103tur\u0103 cu mediul \u00een care cre\u0219tem. Persoanelor rebele le place comunicarea, sunt distractive \u0219i creative. Le plac locurile noi \u0219i g\u0103sesc solu\u021bii la orice probleme. Pentru rebeli nu exist\u0103 plictiseal\u0103, o  \u00eenlocuiesc cu energie \u0219i joac\u0103 din plin.<br>Potrivit Daily Mail, m\u0103sura \u00een care un om e rebel, e direct propor\u021bional\u0103 cu dimensiunea cortexului orbitofrontal, situat in spatele ochilor.<br>Libertatea de exprimare este arma lor cea mai la indem\u00e2n\u0103. Ei se distreaz\u0103 prin ceea ce fac. Ador\u0103 muzica, dansul, pictura, c\u0103l\u0103toriile \u0219i tot ceea ce implic\u0103 distrac\u021bie.<br>Dac\u0103 rebelul se afl\u0103 intr-o perioad\u0103 de stres, devine acuzator, fiindu-i comod s\u0103 dea vina pe al\u021bii pentru ceea ce i s-a \u00eent\u00e2mplat. Revenirea la starea de armonie presupune re\u00eenc\u0103rcarea bateriei cu dorin\u021ba de joac\u0103. <\/p>\n\n\n\n<h2 class=\"wp-block-heading\">25 ianuarie &#8211; Momente de amintit<\/h2>\n\n\n\n<p>1475:&nbsp;\u0218tefan cel Mare, domnul&nbsp;Moldovei&nbsp;(1457-1504), a trimis o scrisoare circulara principilor din&nbsp;Europa&nbsp;anun\u021b\u00e2ndu-le victoria pe care a repurtat-o asupra turcilor la&nbsp;Vaslui.<br>1515: La&nbsp;Catedrala din Reims&nbsp;are loc \u00eencoronarea lui&nbsp;Francisc I al Fran\u021bei, unde noul monarh este uns cu uleiul lui Clovis \u0219i \u00eencins cu sabia lui&nbsp;Carol cel Mare.<br>1554: Misionarii iezui\u021bi&nbsp;Jos\u00e9 de Anchieta&nbsp;\u0219i Manuel da N\u00f3brega au \u00eenfiin\u021bat o misiune pe coasta de est a&nbsp;Braziliei. Misiunea a devenit ulterior ora\u0219ul&nbsp;S\u00e3o Paulo.<br>1858: &#8222;Mar\u0219ul nup\u021bial&#8221;, de&nbsp;Felix Mendelssohn, devine mar\u0219ul popular al nun\u021bilor dup\u0103 ce este c\u00e2ntat la c\u0103s\u0103toria fiicei&nbsp;Reginei Victoria,&nbsp;Prin\u021besa Victoria, cu&nbsp;Prin\u021bul Friedrich al Prusiei.<br>1859:&nbsp;Alexandru Ioan Cuza&nbsp;\u00eel nume\u0219te pe&nbsp;Ioan Alexandru Filipescu&nbsp;drept prim-ministru al&nbsp;\u021a\u0103rii Rom\u00e2ne\u0219ti.<br>1864: A fost inaugurat Spitalul Colentina din Bucure\u0219ti.<br>1909: Premiera, la&nbsp;Dresda, a operei \u201eElectra&#8221;, de&nbsp;Richard Strauss&nbsp;(libretul de&nbsp;Hugo von Hofmannsthal, dup\u0103 piesa lui&nbsp;Sofocle).<br>1919: Pre\u0219edintele&nbsp;Statelor Unite,&nbsp;Woodrow Wilson&nbsp;(1913-1921), propune la&nbsp;Conferin\u021ba de pace de la&nbsp;Paris&nbsp;crearea Ligii Na\u021biunilor.<br>1949: Au fost acordate primele&nbsp;premii Emmy.<br>1956: RCA lanseaz\u0103 primul s\u0103u single&nbsp;Elvis Presley&nbsp;&#8211; \u201eHeartbreak Hotel\/I Was The One&#8221;.<br>1988: Inaugurarea Bibliotecii Rom\u00e2ne din&nbsp;Paris.<br>1990: S-a \u00eenfiin\u021bat Confedera\u021bia sindical\u0103 \u201eFr\u0103\u021bia&#8221;.<br>1993: A luat fiin\u021b\u0103 cotidianul \u201eCronica Rom\u00e2n\u0103&#8221;.<br>1998: Partidul Comunist Francez \u00ee\u0219i deschide arhivele pentru istorici \u0219i politologi.<br>1999:&nbsp;Cutremur&nbsp;cu magnitudinea de 6 grade pe scara Richter \u00een&nbsp;Columbia. Au decedat 1.171 de oameni.<br>2006:&nbsp;Papa Benedict al XVI-lea&nbsp;public\u0103 prima sa enciclic\u0103&nbsp;Deus caritas est&nbsp;(Dumnezeu este dragoste), semnat\u0103 la 25 decembrie 2005, \u00een care se ocup\u0103 de&nbsp;dragoste&nbsp;\u00een diferitele ei dimensiuni.<\/p>\n\n\n\n<p class=\"has-very-light-gray-to-cyan-bluish-gray-gradient-background has-background\">Enjoy on <a href=\"http:\/\/radio.enjoychat.net:8024\/\">http:\/\/radio.enjoychat.net:8024\/<\/a>                                       <strong>     By Laney C            <\/strong>                       <\/p>\n\n\n\n<h2 class=\"wp-block-heading\"><br><a href=\"https:\/\/mindtime.ro\/index.php\/2023\/02\/18\/trivia-modalitate-de-relaxare-si-antrenare-a-mintii\/\">https:\/\/mindtime.ro\/index.php\/2023\/02\/18\/trivia-modalitate-de-relaxare-si-antrenare-a-mintii\/<\/a><\/h2>\n","protected":false},"excerpt":{"rendered":"<p>In luna ianuarie \u00een 25, anul Domnului 1475, dupa semnatura vremii, Stefan cel Mare trimite o scrisoare pentru a se adresa puterilor apusene anun\u021b\u00e2ndu-le victoria pe care a repurtat-o asupra turcilor la&nbsp;Vaslui \u0219i cer\u00e2nd sprijin \u00eempotriva puterii otomane. \u201cC\u0103tre Coroana ungureasc\u0103 \u015fi c\u0103tre toate \u0163\u0103rile \u00een care va ajunge aceast\u0103 scrisoare, s\u0103n\u0103tate. Noi, \u015etefan voievod, &hellip; <a href=\"https:\/\/mindtime.ro\/index.php\/2024\/01\/24\/scrisoarea-lui-stefan-cel-mare\/\" class=\"more-link\">Continue reading <span class=\"screen-reader-text\">25 ianuarie &#8211; Scrisoarea lui \u0218tefan cel Mare<\/span><\/a><\/p>\n","protected":false},"author":3,"featured_media":1724,"comment_status":"open","ping_status":"open","sticky":true,"template":"","format":"standard","meta":{"footnotes":""},"categories":[10],"tags":[293,296,294,295],"class_list":["post-1719","post","type-post","status-publish","format-standard","has-post-thumbnail","hentry","category-calendar","tag-25-ianuarie","tag-scrisoare","tag-stefan-cel-mare","tag-ziua-persoanelor-rebele"],"yoast_head":"<!-- This site is optimized with the Yoast SEO plugin v27.5 - https:\/\/yoast.com\/product\/yoast-seo-wordpress\/ -->\n<title>25 ianuarie - Scrisoarea lui \u0218tefan cel Mare - Mind Time<\/title>\n<meta name=\"description\" content=\"In luna ianuarie \u00een 25, anul Domnului 1475, dupa semnatura vremii, Stefan cel Mare trimite o scrisoare pentru a se adresa puterilor apusene\" \/>\n<meta name=\"robots\" content=\"index, follow, max-snippet:-1, max-image-preview:large, max-video-preview:-1\" \/>\n<link rel=\"canonical\" href=\"https:\/\/mindtime.ro\/index.php\/2024\/01\/24\/scrisoarea-lui-stefan-cel-mare\/\" \/>\n<meta property=\"og:locale\" content=\"ro_RO\" \/>\n<meta property=\"og:type\" content=\"article\" \/>\n<meta property=\"og:title\" content=\"25 ianuarie - Scrisoarea lui \u0218tefan cel Mare - Mind Time\" \/>\n<meta property=\"og:description\" content=\"In luna ianuarie \u00een 25, anul Domnului 1475, dupa semnatura vremii, Stefan cel Mare trimite o scrisoare pentru a se adresa puterilor apusene\" \/>\n<meta property=\"og:url\" content=\"https:\/\/mindtime.ro\/index.php\/2024\/01\/24\/scrisoarea-lui-stefan-cel-mare\/\" \/>\n<meta property=\"og:site_name\" content=\"Mind Time\" \/>\n<meta property=\"article:published_time\" content=\"2024-01-24T10:53:54+00:00\" \/>\n<meta property=\"article:modified_time\" content=\"2024-01-24T10:53:56+00:00\" \/>\n<meta property=\"og:image\" content=\"https:\/\/mindtime.ro\/wp-content\/uploads\/2024\/01\/Stefan-cel-mare.jpeg\" \/>\n\t<meta property=\"og:image:width\" content=\"194\" \/>\n\t<meta property=\"og:image:height\" content=\"259\" \/>\n\t<meta property=\"og:image:type\" content=\"image\/jpeg\" \/>\n<meta name=\"author\" content=\"LaneyC\" \/>\n<meta name=\"twitter:card\" content=\"summary_large_image\" \/>\n<meta name=\"twitter:label1\" content=\"Scris de\" \/>\n\t<meta name=\"twitter:data1\" content=\"LaneyC\" \/>\n\t<meta name=\"twitter:label2\" content=\"Timp estimat pentru citire\" \/>\n\t<meta name=\"twitter:data2\" content=\"6 minute\" \/>\n<script type=\"application\/ld+json\" class=\"yoast-schema-graph\">{\"@context\":\"https:\\\/\\\/schema.org\",\"@graph\":[{\"@type\":\"Article\",\"@id\":\"https:\\\/\\\/mindtime.ro\\\/index.php\\\/2024\\\/01\\\/24\\\/scrisoarea-lui-stefan-cel-mare\\\/#article\",\"isPartOf\":{\"@id\":\"https:\\\/\\\/mindtime.ro\\\/index.php\\\/2024\\\/01\\\/24\\\/scrisoarea-lui-stefan-cel-mare\\\/\"},\"author\":{\"name\":\"LaneyC\",\"@id\":\"https:\\\/\\\/mindtime.ro\\\/#\\\/schema\\\/person\\\/6efe0e4bfa5462ebd155232d6cc887a2\"},\"headline\":\"25 ianuarie &#8211; Scrisoarea lui \u0218tefan cel Mare\",\"datePublished\":\"2024-01-24T10:53:54+00:00\",\"dateModified\":\"2024-01-24T10:53:56+00:00\",\"mainEntityOfPage\":{\"@id\":\"https:\\\/\\\/mindtime.ro\\\/index.php\\\/2024\\\/01\\\/24\\\/scrisoarea-lui-stefan-cel-mare\\\/\"},\"wordCount\":1133,\"commentCount\":0,\"image\":{\"@id\":\"https:\\\/\\\/mindtime.ro\\\/index.php\\\/2024\\\/01\\\/24\\\/scrisoarea-lui-stefan-cel-mare\\\/#primaryimage\"},\"thumbnailUrl\":\"https:\\\/\\\/mindtime.ro\\\/wp-content\\\/uploads\\\/2024\\\/01\\\/Stefan-cel-mare.jpeg\",\"keywords\":[\"25 ianuarie\",\"Scrisoare\",\"Stefan cel Mare\",\"Ziua persoanelor rebele\"],\"articleSection\":[\"Calendar\"],\"inLanguage\":\"ro-RO\",\"potentialAction\":[{\"@type\":\"CommentAction\",\"name\":\"Comment\",\"target\":[\"https:\\\/\\\/mindtime.ro\\\/index.php\\\/2024\\\/01\\\/24\\\/scrisoarea-lui-stefan-cel-mare\\\/#respond\"]}]},{\"@type\":\"WebPage\",\"@id\":\"https:\\\/\\\/mindtime.ro\\\/index.php\\\/2024\\\/01\\\/24\\\/scrisoarea-lui-stefan-cel-mare\\\/\",\"url\":\"https:\\\/\\\/mindtime.ro\\\/index.php\\\/2024\\\/01\\\/24\\\/scrisoarea-lui-stefan-cel-mare\\\/\",\"name\":\"25 ianuarie - Scrisoarea lui \u0218tefan cel Mare - Mind Time\",\"isPartOf\":{\"@id\":\"https:\\\/\\\/mindtime.ro\\\/#website\"},\"primaryImageOfPage\":{\"@id\":\"https:\\\/\\\/mindtime.ro\\\/index.php\\\/2024\\\/01\\\/24\\\/scrisoarea-lui-stefan-cel-mare\\\/#primaryimage\"},\"image\":{\"@id\":\"https:\\\/\\\/mindtime.ro\\\/index.php\\\/2024\\\/01\\\/24\\\/scrisoarea-lui-stefan-cel-mare\\\/#primaryimage\"},\"thumbnailUrl\":\"https:\\\/\\\/mindtime.ro\\\/wp-content\\\/uploads\\\/2024\\\/01\\\/Stefan-cel-mare.jpeg\",\"datePublished\":\"2024-01-24T10:53:54+00:00\",\"dateModified\":\"2024-01-24T10:53:56+00:00\",\"author\":{\"@id\":\"https:\\\/\\\/mindtime.ro\\\/#\\\/schema\\\/person\\\/6efe0e4bfa5462ebd155232d6cc887a2\"},\"description\":\"In luna ianuarie \u00een 25, anul Domnului 1475, dupa semnatura vremii, Stefan cel Mare trimite o scrisoare pentru a se adresa puterilor apusene\",\"breadcrumb\":{\"@id\":\"https:\\\/\\\/mindtime.ro\\\/index.php\\\/2024\\\/01\\\/24\\\/scrisoarea-lui-stefan-cel-mare\\\/#breadcrumb\"},\"inLanguage\":\"ro-RO\",\"potentialAction\":[{\"@type\":\"ReadAction\",\"target\":[\"https:\\\/\\\/mindtime.ro\\\/index.php\\\/2024\\\/01\\\/24\\\/scrisoarea-lui-stefan-cel-mare\\\/\"]}]},{\"@type\":\"ImageObject\",\"inLanguage\":\"ro-RO\",\"@id\":\"https:\\\/\\\/mindtime.ro\\\/index.php\\\/2024\\\/01\\\/24\\\/scrisoarea-lui-stefan-cel-mare\\\/#primaryimage\",\"url\":\"https:\\\/\\\/mindtime.ro\\\/wp-content\\\/uploads\\\/2024\\\/01\\\/Stefan-cel-mare.jpeg\",\"contentUrl\":\"https:\\\/\\\/mindtime.ro\\\/wp-content\\\/uploads\\\/2024\\\/01\\\/Stefan-cel-mare.jpeg\",\"width\":194,\"height\":259},{\"@type\":\"BreadcrumbList\",\"@id\":\"https:\\\/\\\/mindtime.ro\\\/index.php\\\/2024\\\/01\\\/24\\\/scrisoarea-lui-stefan-cel-mare\\\/#breadcrumb\",\"itemListElement\":[{\"@type\":\"ListItem\",\"position\":1,\"name\":\"Prima pagin\u0103\",\"item\":\"https:\\\/\\\/mindtime.ro\\\/\"},{\"@type\":\"ListItem\",\"position\":2,\"name\":\"25 ianuarie &#8211; Scrisoarea lui \u0218tefan cel Mare\"}]},{\"@type\":\"WebSite\",\"@id\":\"https:\\\/\\\/mindtime.ro\\\/#website\",\"url\":\"https:\\\/\\\/mindtime.ro\\\/\",\"name\":\"Mind Time\",\"description\":\"Relaxeaza-ti mintea !\",\"potentialAction\":[{\"@type\":\"SearchAction\",\"target\":{\"@type\":\"EntryPoint\",\"urlTemplate\":\"https:\\\/\\\/mindtime.ro\\\/?s={search_term_string}\"},\"query-input\":{\"@type\":\"PropertyValueSpecification\",\"valueRequired\":true,\"valueName\":\"search_term_string\"}}],\"inLanguage\":\"ro-RO\"},{\"@type\":\"Person\",\"@id\":\"https:\\\/\\\/mindtime.ro\\\/#\\\/schema\\\/person\\\/6efe0e4bfa5462ebd155232d6cc887a2\",\"name\":\"LaneyC\",\"image\":{\"@type\":\"ImageObject\",\"inLanguage\":\"ro-RO\",\"@id\":\"https:\\\/\\\/secure.gravatar.com\\\/avatar\\\/788abfddfb766c27a3406096a0f747b84cea126b13e84ba5cb61a96666f64663?s=96&d=mm&r=g\",\"url\":\"https:\\\/\\\/secure.gravatar.com\\\/avatar\\\/788abfddfb766c27a3406096a0f747b84cea126b13e84ba5cb61a96666f64663?s=96&d=mm&r=g\",\"contentUrl\":\"https:\\\/\\\/secure.gravatar.com\\\/avatar\\\/788abfddfb766c27a3406096a0f747b84cea126b13e84ba5cb61a96666f64663?s=96&d=mm&r=g\",\"caption\":\"LaneyC\"},\"sameAs\":[\"https:\\\/\\\/mindtime.ro\"],\"url\":\"https:\\\/\\\/mindtime.ro\\\/index.php\\\/author\\\/admin-2\\\/\"}]}<\/script>\n<!-- \/ Yoast SEO plugin. -->","yoast_head_json":{"title":"25 ianuarie - Scrisoarea lui \u0218tefan cel Mare - Mind Time","description":"In luna ianuarie \u00een 25, anul Domnului 1475, dupa semnatura vremii, Stefan cel Mare trimite o scrisoare pentru a se adresa puterilor apusene","robots":{"index":"index","follow":"follow","max-snippet":"max-snippet:-1","max-image-preview":"max-image-preview:large","max-video-preview":"max-video-preview:-1"},"canonical":"https:\/\/mindtime.ro\/index.php\/2024\/01\/24\/scrisoarea-lui-stefan-cel-mare\/","og_locale":"ro_RO","og_type":"article","og_title":"25 ianuarie - Scrisoarea lui \u0218tefan cel Mare - Mind Time","og_description":"In luna ianuarie \u00een 25, anul Domnului 1475, dupa semnatura vremii, Stefan cel Mare trimite o scrisoare pentru a se adresa puterilor apusene","og_url":"https:\/\/mindtime.ro\/index.php\/2024\/01\/24\/scrisoarea-lui-stefan-cel-mare\/","og_site_name":"Mind Time","article_published_time":"2024-01-24T10:53:54+00:00","article_modified_time":"2024-01-24T10:53:56+00:00","og_image":[{"width":194,"height":259,"url":"https:\/\/mindtime.ro\/wp-content\/uploads\/2024\/01\/Stefan-cel-mare.jpeg","type":"image\/jpeg"}],"author":"LaneyC","twitter_card":"summary_large_image","twitter_misc":{"Scris de":"LaneyC","Timp estimat pentru citire":"6 minute"},"schema":{"@context":"https:\/\/schema.org","@graph":[{"@type":"Article","@id":"https:\/\/mindtime.ro\/index.php\/2024\/01\/24\/scrisoarea-lui-stefan-cel-mare\/#article","isPartOf":{"@id":"https:\/\/mindtime.ro\/index.php\/2024\/01\/24\/scrisoarea-lui-stefan-cel-mare\/"},"author":{"name":"LaneyC","@id":"https:\/\/mindtime.ro\/#\/schema\/person\/6efe0e4bfa5462ebd155232d6cc887a2"},"headline":"25 ianuarie &#8211; Scrisoarea lui \u0218tefan cel Mare","datePublished":"2024-01-24T10:53:54+00:00","dateModified":"2024-01-24T10:53:56+00:00","mainEntityOfPage":{"@id":"https:\/\/mindtime.ro\/index.php\/2024\/01\/24\/scrisoarea-lui-stefan-cel-mare\/"},"wordCount":1133,"commentCount":0,"image":{"@id":"https:\/\/mindtime.ro\/index.php\/2024\/01\/24\/scrisoarea-lui-stefan-cel-mare\/#primaryimage"},"thumbnailUrl":"https:\/\/mindtime.ro\/wp-content\/uploads\/2024\/01\/Stefan-cel-mare.jpeg","keywords":["25 ianuarie","Scrisoare","Stefan cel Mare","Ziua persoanelor rebele"],"articleSection":["Calendar"],"inLanguage":"ro-RO","potentialAction":[{"@type":"CommentAction","name":"Comment","target":["https:\/\/mindtime.ro\/index.php\/2024\/01\/24\/scrisoarea-lui-stefan-cel-mare\/#respond"]}]},{"@type":"WebPage","@id":"https:\/\/mindtime.ro\/index.php\/2024\/01\/24\/scrisoarea-lui-stefan-cel-mare\/","url":"https:\/\/mindtime.ro\/index.php\/2024\/01\/24\/scrisoarea-lui-stefan-cel-mare\/","name":"25 ianuarie - Scrisoarea lui \u0218tefan cel Mare - Mind Time","isPartOf":{"@id":"https:\/\/mindtime.ro\/#website"},"primaryImageOfPage":{"@id":"https:\/\/mindtime.ro\/index.php\/2024\/01\/24\/scrisoarea-lui-stefan-cel-mare\/#primaryimage"},"image":{"@id":"https:\/\/mindtime.ro\/index.php\/2024\/01\/24\/scrisoarea-lui-stefan-cel-mare\/#primaryimage"},"thumbnailUrl":"https:\/\/mindtime.ro\/wp-content\/uploads\/2024\/01\/Stefan-cel-mare.jpeg","datePublished":"2024-01-24T10:53:54+00:00","dateModified":"2024-01-24T10:53:56+00:00","author":{"@id":"https:\/\/mindtime.ro\/#\/schema\/person\/6efe0e4bfa5462ebd155232d6cc887a2"},"description":"In luna ianuarie \u00een 25, anul Domnului 1475, dupa semnatura vremii, Stefan cel Mare trimite o scrisoare pentru a se adresa puterilor apusene","breadcrumb":{"@id":"https:\/\/mindtime.ro\/index.php\/2024\/01\/24\/scrisoarea-lui-stefan-cel-mare\/#breadcrumb"},"inLanguage":"ro-RO","potentialAction":[{"@type":"ReadAction","target":["https:\/\/mindtime.ro\/index.php\/2024\/01\/24\/scrisoarea-lui-stefan-cel-mare\/"]}]},{"@type":"ImageObject","inLanguage":"ro-RO","@id":"https:\/\/mindtime.ro\/index.php\/2024\/01\/24\/scrisoarea-lui-stefan-cel-mare\/#primaryimage","url":"https:\/\/mindtime.ro\/wp-content\/uploads\/2024\/01\/Stefan-cel-mare.jpeg","contentUrl":"https:\/\/mindtime.ro\/wp-content\/uploads\/2024\/01\/Stefan-cel-mare.jpeg","width":194,"height":259},{"@type":"BreadcrumbList","@id":"https:\/\/mindtime.ro\/index.php\/2024\/01\/24\/scrisoarea-lui-stefan-cel-mare\/#breadcrumb","itemListElement":[{"@type":"ListItem","position":1,"name":"Prima pagin\u0103","item":"https:\/\/mindtime.ro\/"},{"@type":"ListItem","position":2,"name":"25 ianuarie &#8211; Scrisoarea lui \u0218tefan cel Mare"}]},{"@type":"WebSite","@id":"https:\/\/mindtime.ro\/#website","url":"https:\/\/mindtime.ro\/","name":"Mind Time","description":"Relaxeaza-ti mintea !","potentialAction":[{"@type":"SearchAction","target":{"@type":"EntryPoint","urlTemplate":"https:\/\/mindtime.ro\/?s={search_term_string}"},"query-input":{"@type":"PropertyValueSpecification","valueRequired":true,"valueName":"search_term_string"}}],"inLanguage":"ro-RO"},{"@type":"Person","@id":"https:\/\/mindtime.ro\/#\/schema\/person\/6efe0e4bfa5462ebd155232d6cc887a2","name":"LaneyC","image":{"@type":"ImageObject","inLanguage":"ro-RO","@id":"https:\/\/secure.gravatar.com\/avatar\/788abfddfb766c27a3406096a0f747b84cea126b13e84ba5cb61a96666f64663?s=96&d=mm&r=g","url":"https:\/\/secure.gravatar.com\/avatar\/788abfddfb766c27a3406096a0f747b84cea126b13e84ba5cb61a96666f64663?s=96&d=mm&r=g","contentUrl":"https:\/\/secure.gravatar.com\/avatar\/788abfddfb766c27a3406096a0f747b84cea126b13e84ba5cb61a96666f64663?s=96&d=mm&r=g","caption":"LaneyC"},"sameAs":["https:\/\/mindtime.ro"],"url":"https:\/\/mindtime.ro\/index.php\/author\/admin-2\/"}]}},"_links":{"self":[{"href":"https:\/\/mindtime.ro\/index.php\/wp-json\/wp\/v2\/posts\/1719","targetHints":{"allow":["GET"]}}],"collection":[{"href":"https:\/\/mindtime.ro\/index.php\/wp-json\/wp\/v2\/posts"}],"about":[{"href":"https:\/\/mindtime.ro\/index.php\/wp-json\/wp\/v2\/types\/post"}],"author":[{"embeddable":true,"href":"https:\/\/mindtime.ro\/index.php\/wp-json\/wp\/v2\/users\/3"}],"replies":[{"embeddable":true,"href":"https:\/\/mindtime.ro\/index.php\/wp-json\/wp\/v2\/comments?post=1719"}],"version-history":[{"count":6,"href":"https:\/\/mindtime.ro\/index.php\/wp-json\/wp\/v2\/posts\/1719\/revisions"}],"predecessor-version":[{"id":1727,"href":"https:\/\/mindtime.ro\/index.php\/wp-json\/wp\/v2\/posts\/1719\/revisions\/1727"}],"wp:featuredmedia":[{"embeddable":true,"href":"https:\/\/mindtime.ro\/index.php\/wp-json\/wp\/v2\/media\/1724"}],"wp:attachment":[{"href":"https:\/\/mindtime.ro\/index.php\/wp-json\/wp\/v2\/media?parent=1719"}],"wp:term":[{"taxonomy":"category","embeddable":true,"href":"https:\/\/mindtime.ro\/index.php\/wp-json\/wp\/v2\/categories?post=1719"},{"taxonomy":"post_tag","embeddable":true,"href":"https:\/\/mindtime.ro\/index.php\/wp-json\/wp\/v2\/tags?post=1719"}],"curies":[{"name":"wp","href":"https:\/\/api.w.org\/{rel}","templated":true}]}}