{"id":1526,"date":"2023-06-06T12:12:50","date_gmt":"2023-06-06T10:12:50","guid":{"rendered":"https:\/\/mindtime.ro\/?p=1526"},"modified":"2023-06-06T12:12:51","modified_gmt":"2023-06-06T10:12:51","slug":"7-iunie-ziua-mondiala-a-sigurantei-alimentare","status":"publish","type":"post","link":"https:\/\/mindtime.ro\/index.php\/2023\/06\/06\/7-iunie-ziua-mondiala-a-sigurantei-alimentare\/","title":{"rendered":"7 iunie, Ziua\u00a0Mondial\u0103 a Siguran\u021bei Alimentare"},"content":{"rendered":"\n<p>Pe\u00a07 iunie\u00a0s\u0103rb\u0103torim\u00a0Ziua\u00a0Mondial\u0103 a Siguran\u021bei Alimentare, zi ce a fost adoptat\u0103 de Adunarea General\u0103 a ONU \u00een anul 2018.<\/p>\n\n\n\n<p>Aceast\u0103 zi este dedicat\u0103 promov\u0103rii con\u0219tientiz\u0103rii cu privire la importan\u021ba siguran\u021bei alimentare \u0219i la nevoia de a asigura accesul la alimente sigure \u0219i nutritive pentru to\u021bi.<\/p>\n\n\n\n<p>Ziua Mondial\u0103 a Siguran\u021bei Alimentare a fost proclamat\u0103 pentru prima dat\u0103 \u00een anul 2018 de c\u0103tre Organiza\u021bia Na\u021biunilor Unite pentru Alimenta\u021bie \u0219i Agricultur\u0103 (FAO) \u0219i Organiza\u021bia Mondial\u0103 a S\u0103n\u0103t\u0103\u021bii (OMS) pentru a sublinia importan\u021ba siguran\u021bei alimentare \u0219i a promova ac\u021biuni globale pentru prevenirea, detectarea \u0219i gestionarea riscurilor legate de alimente.<\/p>\n\n\n\n<p> Scopul principal al acestei zile este de a atrage aten\u021bia asupra consecin\u021belor negative ale alimenta\u021biei nesigure \u0219i de a promova m\u0103suri pentru \u00eembun\u0103t\u0103\u021birea siguran\u021bei alimentare la nivel mondial. Se urm\u0103re\u0219te asigurarea unor alimente sigure \u0219i nutritive pentru to\u021bi oamenii, protej\u00e2ndu-i astfel de riscul bolilor \u0219i afec\u021biunilor asociate cu consumul alimentelor contaminate sau nesigure.<\/p>\n\n\n\n<p><\/p>\n\n\n\n<figure class=\"wp-block-embed is-type-video is-provider-youtube wp-block-embed-youtube wp-embed-aspect-16-9 wp-has-aspect-ratio\"><div class=\"wp-block-embed__wrapper\">\n<iframe loading=\"lazy\" title=\"World Food Safety Day 2023 - Dr Maria Neira, Assistant Director-General, WHO\" width=\"847\" height=\"476\" src=\"https:\/\/www.youtube.com\/embed\/8Fw-Up81SvU?feature=oembed\" frameborder=\"0\" allow=\"accelerometer; autoplay; clipboard-write; encrypted-media; gyroscope; picture-in-picture; web-share\" allowfullscreen><\/iframe>\n<\/div><\/figure>\n\n\n\n<h2 class=\"wp-block-heading\">7 iunie, momente de amintit<\/h2>\n\n\n\n<p><strong>1340<\/strong>: Fondarea in Olanda a ora\u0219ului Rotterdam.<br><strong>1494:<\/strong> Spania \u0219i Portugalia au semnat Tratatul de la Tordesillas, prin care Lumea Nou\u0103 (America) era \u00eemp\u0103r\u021bit\u0103 \u00eentre cele dou\u0103 \u021b\u0103ri.<br><strong>1654<\/strong>: Ludovic al XIV-lea este \u00eencoronat rege al Fran\u021bei.<\/p>\n\n\n\n<p><strong>1716<\/strong>: Moare, Stolnicul Constantin Cantacuzino, diplomat, istoric \u0219i geograf rom\u00e2n.<br><strong>1775:<\/strong> \u201eColoniile Unite&#8221; \u00ee\u0219i schimb\u0103 denumirea \u00een Statele Unite ale Americii.<br><strong>1821:<\/strong> B\u0103t\u0103lia de la Dr\u0103g\u0103\u0219ani, \u00een care trupele otomanii \u00eei \u00eenfr\u00e2ng cu u\u0219urin\u021b\u0103 pe eteri\u0219ti, \u00eempreun\u0103 cu o parte din panduri.<\/p>\n\n\n\n<h5 class=\"wp-block-heading\"><strong>1848<\/strong>: Se naste, Paul Gauguin, pictor francez.<\/h5>\n\n\n\n<p><strong>1929<\/strong>: Vaticanul devine stat suveran.<\/p>\n\n\n\n<p><strong>1940<\/strong>: Se naste, Tom Jones, pe numele adev\u0103rat Sir Thomas Jones Woodward, c\u00e2nt\u0103re\u021b britanic.<br><strong>1942:<\/strong> Al Doilea R\u0103zboi Mondial: Se \u00eencheie b\u0103t\u0103lia aeronaval\u0103 de la Midway, \u00een care Marina Statelor Unite a \u00eenvins \u00een mod decisiv Marina Imperial\u0103 Japonez\u0103 (\u00eenceput\u0103 la 4 iunie 1942).<br><strong>1947<\/strong>: A luat fiin\u021b\u0103, prin ordinul Ministrului Armatei, Mihail Lasc\u0103r, clubul sportiv ASA Bucure\u0219ti, din 1961 Steaua Bucure\u0219ti.<br><strong>1958<\/strong>: La Bucure\u0219ti, atleta Iolanda Bala\u0219 a stabilit recordul mondial la s\u0103ritura \u00een \u00een\u0103l\u021bime &#8211; 1,78 m.<\/p>\n\n\n\n<p><strong>1958<\/strong>: Se naste, Prince (n. Prince Rogers Nelson), c\u00e2nt\u0103re\u021b, compozitor, textier, produc\u0103tor de muzic\u0103 \u0219i multi-instrumentist american (d. 2016).<br><strong>1995<\/strong>: Regizorul Lucian Pintilie a primit distinc\u021bia francez\u0103 Cavaler al Ordinului Artelor \u0219i Literelor.<br><strong>2004<\/strong>: Printr-un decret emis pe 7 iunie de pre\u0219edintele Fran\u021bei, Jacques Chirac, actorului rom\u00e2n Ion Lucian i-a fost decernat titlul de Ofi\u021ber al Ordinului Na\u021bional al Legiunii de Onoare, ca o recunoa\u0219tere a meritelor excep\u021bionale \u00een domeniul teatrului.<br><strong>2021:<\/strong> Cascada Big\u0103r, parte din Izvorul Big\u0103r din Parcul Na\u021bional Cheile Nerei &#8211; Beu\u0219ni\u021ba, s-a pr\u0103bu\u0219it din cauze naturale.<\/p>\n\n\n\n<h2 class=\"wp-block-heading\">7 iunie, Ziua Mondial\u0103 a Salariului Minim pe Economie<\/h2>\n\n\n\n<p>Originea: Ziua Mondial\u0103 a Salariului Minim pe Economie a fost stabilit\u0103 pentru prima dat\u0103 \u00een anul 2019 de c\u0103tre Confedera\u021bia Sindical\u0103 Interna\u021bional\u0103 (CSI), care reprezint\u0103 organiza\u021bii sindicale din \u00eentreaga lume. Aceast\u0103 zi a fost creat\u0103 pentru a atrage aten\u021bia asupra importan\u021bei unui salariu minim echitabil \u0219i pentru a promova drepturile lucr\u0103torilor la un venit decent.<\/p>\n\n\n\n<p>Scopul principal al acestei zile este de a sublinia importan\u021ba salariului minim \u00een asigurarea unui nivel de trai decent pentru lucr\u0103tori \u0219i de a promova politici \u0219i ac\u021biuni care s\u0103 asigure un salariu minim echitabil \u0219i sustenabil. Se urm\u0103re\u0219te combaterea s\u0103r\u0103ciei, inegalit\u0103\u021bii salariale \u0219i a exploata\u021biei muncii prin stabilirea unor standarde minime de remunerare.<\/p>\n\n\n\n<p>Un salariu minim echitabil \u0219i suficient poate avea un impact pozitiv asupra lucr\u0103torilor \u0219i comunit\u0103\u021bilor. Aceasta poate contribui la reducerea s\u0103r\u0103ciei, cre\u0219terea nivelului de trai, \u00eembun\u0103t\u0103\u021birea condi\u021biilor de munc\u0103 \u0219i stimularea economiei prin cre\u0219terea puterii de cump\u0103rare a lucr\u0103torilor.<\/p>\n\n\n\n<p class=\"has-black-color has-text-color has-background\" style=\"background:linear-gradient(135deg,rgb(6,147,227) 0%,rgb(234,212,212) 43%,rgb(155,81,224) 100%)\"><a href=\"http:\/\/radio.enjoychat.net:8024\/\">http:\/\/radio.enjoychat.net:8024\/<\/a>        By Laney C<\/p>\n","protected":false},"excerpt":{"rendered":"<p>Pe\u00a07 iunie\u00a0s\u0103rb\u0103torim\u00a0Ziua\u00a0Mondial\u0103 a Siguran\u021bei Alimentare, zi ce a fost adoptat\u0103 de Adunarea General\u0103 a ONU \u00een anul 2018. Aceast\u0103 zi este dedicat\u0103 promov\u0103rii con\u0219tientiz\u0103rii cu privire la importan\u021ba siguran\u021bei alimentare \u0219i la nevoia de a asigura accesul la alimente sigure \u0219i nutritive pentru to\u021bi. Ziua Mondial\u0103 a Siguran\u021bei Alimentare a fost proclamat\u0103 pentru prima dat\u0103 &hellip; <a href=\"https:\/\/mindtime.ro\/index.php\/2023\/06\/06\/7-iunie-ziua-mondiala-a-sigurantei-alimentare\/\" class=\"more-link\">Continue reading <span class=\"screen-reader-text\">7 iunie, Ziua\u00a0Mondial\u0103 a Siguran\u021bei Alimentare<\/span><\/a><\/p>\n","protected":false},"author":3,"featured_media":1531,"comment_status":"open","ping_status":"open","sticky":true,"template":"","format":"standard","meta":{"footnotes":""},"categories":[10],"tags":[240,241,239],"class_list":["post-1526","post","type-post","status-publish","format-standard","has-post-thumbnail","hentry","category-calendar","tag-7-iunie","tag-ziua-salariului-minim","tag-ziua-sigurantei-alimentare"],"yoast_head":"<!-- This site is optimized with the Yoast SEO plugin v27.5 - https:\/\/yoast.com\/product\/yoast-seo-wordpress\/ -->\n<title>7 iunie, Ziua\u00a0Mondial\u0103 a Siguran\u021bei Alimentare - Mind Time<\/title>\n<meta name=\"description\" content=\"Pe\u00a07 iunie\u00a0s\u0103rb\u0103torim\u00a0Ziua\u00a0Mondial\u0103 a Siguran\u021bei Alimentare, zi ce a fost adoptat\u0103 de Adunarea General\u0103 a ONU \u00een anul 2018.\" \/>\n<meta name=\"robots\" content=\"index, follow, max-snippet:-1, max-image-preview:large, max-video-preview:-1\" \/>\n<link rel=\"canonical\" href=\"https:\/\/mindtime.ro\/index.php\/2023\/06\/06\/7-iunie-ziua-mondiala-a-sigurantei-alimentare\/\" \/>\n<meta property=\"og:locale\" content=\"ro_RO\" \/>\n<meta property=\"og:type\" content=\"article\" \/>\n<meta property=\"og:title\" content=\"7 iunie, Ziua\u00a0Mondial\u0103 a Siguran\u021bei Alimentare - Mind Time\" \/>\n<meta property=\"og:description\" content=\"Pe\u00a07 iunie\u00a0s\u0103rb\u0103torim\u00a0Ziua\u00a0Mondial\u0103 a Siguran\u021bei Alimentare, zi ce a fost adoptat\u0103 de Adunarea General\u0103 a ONU \u00een anul 2018.\" \/>\n<meta property=\"og:url\" content=\"https:\/\/mindtime.ro\/index.php\/2023\/06\/06\/7-iunie-ziua-mondiala-a-sigurantei-alimentare\/\" \/>\n<meta property=\"og:site_name\" content=\"Mind Time\" \/>\n<meta property=\"article:published_time\" content=\"2023-06-06T10:12:50+00:00\" \/>\n<meta property=\"article:modified_time\" content=\"2023-06-06T10:12:51+00:00\" \/>\n<meta property=\"og:image\" content=\"https:\/\/mindtime.ro\/wp-content\/uploads\/2023\/06\/cook-2364221_640-e1686046324588.jpg\" \/>\n\t<meta property=\"og:image:width\" content=\"400\" \/>\n\t<meta property=\"og:image:height\" content=\"267\" \/>\n\t<meta property=\"og:image:type\" content=\"image\/jpeg\" \/>\n<meta name=\"author\" content=\"LaneyC\" \/>\n<meta name=\"twitter:card\" content=\"summary_large_image\" \/>\n<meta name=\"twitter:label1\" content=\"Scris de\" \/>\n\t<meta name=\"twitter:data1\" content=\"LaneyC\" \/>\n\t<meta name=\"twitter:label2\" content=\"Timp estimat pentru citire\" \/>\n\t<meta name=\"twitter:data2\" content=\"4 minute\" \/>\n<script type=\"application\/ld+json\" class=\"yoast-schema-graph\">{\"@context\":\"https:\\\/\\\/schema.org\",\"@graph\":[{\"@type\":\"Article\",\"@id\":\"https:\\\/\\\/mindtime.ro\\\/index.php\\\/2023\\\/06\\\/06\\\/7-iunie-ziua-mondiala-a-sigurantei-alimentare\\\/#article\",\"isPartOf\":{\"@id\":\"https:\\\/\\\/mindtime.ro\\\/index.php\\\/2023\\\/06\\\/06\\\/7-iunie-ziua-mondiala-a-sigurantei-alimentare\\\/\"},\"author\":{\"name\":\"LaneyC\",\"@id\":\"https:\\\/\\\/mindtime.ro\\\/#\\\/schema\\\/person\\\/6efe0e4bfa5462ebd155232d6cc887a2\"},\"headline\":\"7 iunie, Ziua\u00a0Mondial\u0103 a Siguran\u021bei Alimentare\",\"datePublished\":\"2023-06-06T10:12:50+00:00\",\"dateModified\":\"2023-06-06T10:12:51+00:00\",\"mainEntityOfPage\":{\"@id\":\"https:\\\/\\\/mindtime.ro\\\/index.php\\\/2023\\\/06\\\/06\\\/7-iunie-ziua-mondiala-a-sigurantei-alimentare\\\/\"},\"wordCount\":670,\"commentCount\":0,\"image\":{\"@id\":\"https:\\\/\\\/mindtime.ro\\\/index.php\\\/2023\\\/06\\\/06\\\/7-iunie-ziua-mondiala-a-sigurantei-alimentare\\\/#primaryimage\"},\"thumbnailUrl\":\"https:\\\/\\\/mindtime.ro\\\/wp-content\\\/uploads\\\/2023\\\/06\\\/cook-2364221_640-e1686046324588.jpg\",\"keywords\":[\"7 iunie\",\"Ziua salariului minim\",\"Ziua sigurantei alimentare\"],\"articleSection\":[\"Calendar\"],\"inLanguage\":\"ro-RO\",\"potentialAction\":[{\"@type\":\"CommentAction\",\"name\":\"Comment\",\"target\":[\"https:\\\/\\\/mindtime.ro\\\/index.php\\\/2023\\\/06\\\/06\\\/7-iunie-ziua-mondiala-a-sigurantei-alimentare\\\/#respond\"]}]},{\"@type\":\"WebPage\",\"@id\":\"https:\\\/\\\/mindtime.ro\\\/index.php\\\/2023\\\/06\\\/06\\\/7-iunie-ziua-mondiala-a-sigurantei-alimentare\\\/\",\"url\":\"https:\\\/\\\/mindtime.ro\\\/index.php\\\/2023\\\/06\\\/06\\\/7-iunie-ziua-mondiala-a-sigurantei-alimentare\\\/\",\"name\":\"7 iunie, Ziua\u00a0Mondial\u0103 a Siguran\u021bei Alimentare - Mind Time\",\"isPartOf\":{\"@id\":\"https:\\\/\\\/mindtime.ro\\\/#website\"},\"primaryImageOfPage\":{\"@id\":\"https:\\\/\\\/mindtime.ro\\\/index.php\\\/2023\\\/06\\\/06\\\/7-iunie-ziua-mondiala-a-sigurantei-alimentare\\\/#primaryimage\"},\"image\":{\"@id\":\"https:\\\/\\\/mindtime.ro\\\/index.php\\\/2023\\\/06\\\/06\\\/7-iunie-ziua-mondiala-a-sigurantei-alimentare\\\/#primaryimage\"},\"thumbnailUrl\":\"https:\\\/\\\/mindtime.ro\\\/wp-content\\\/uploads\\\/2023\\\/06\\\/cook-2364221_640-e1686046324588.jpg\",\"datePublished\":\"2023-06-06T10:12:50+00:00\",\"dateModified\":\"2023-06-06T10:12:51+00:00\",\"author\":{\"@id\":\"https:\\\/\\\/mindtime.ro\\\/#\\\/schema\\\/person\\\/6efe0e4bfa5462ebd155232d6cc887a2\"},\"description\":\"Pe\u00a07 iunie\u00a0s\u0103rb\u0103torim\u00a0Ziua\u00a0Mondial\u0103 a Siguran\u021bei Alimentare, zi ce a fost adoptat\u0103 de Adunarea General\u0103 a ONU \u00een anul 2018.\",\"breadcrumb\":{\"@id\":\"https:\\\/\\\/mindtime.ro\\\/index.php\\\/2023\\\/06\\\/06\\\/7-iunie-ziua-mondiala-a-sigurantei-alimentare\\\/#breadcrumb\"},\"inLanguage\":\"ro-RO\",\"potentialAction\":[{\"@type\":\"ReadAction\",\"target\":[\"https:\\\/\\\/mindtime.ro\\\/index.php\\\/2023\\\/06\\\/06\\\/7-iunie-ziua-mondiala-a-sigurantei-alimentare\\\/\"]}]},{\"@type\":\"ImageObject\",\"inLanguage\":\"ro-RO\",\"@id\":\"https:\\\/\\\/mindtime.ro\\\/index.php\\\/2023\\\/06\\\/06\\\/7-iunie-ziua-mondiala-a-sigurantei-alimentare\\\/#primaryimage\",\"url\":\"https:\\\/\\\/mindtime.ro\\\/wp-content\\\/uploads\\\/2023\\\/06\\\/cook-2364221_640-e1686046324588.jpg\",\"contentUrl\":\"https:\\\/\\\/mindtime.ro\\\/wp-content\\\/uploads\\\/2023\\\/06\\\/cook-2364221_640-e1686046324588.jpg\",\"width\":400,\"height\":267},{\"@type\":\"BreadcrumbList\",\"@id\":\"https:\\\/\\\/mindtime.ro\\\/index.php\\\/2023\\\/06\\\/06\\\/7-iunie-ziua-mondiala-a-sigurantei-alimentare\\\/#breadcrumb\",\"itemListElement\":[{\"@type\":\"ListItem\",\"position\":1,\"name\":\"Prima pagin\u0103\",\"item\":\"https:\\\/\\\/mindtime.ro\\\/\"},{\"@type\":\"ListItem\",\"position\":2,\"name\":\"7 iunie, Ziua\u00a0Mondial\u0103 a Siguran\u021bei Alimentare\"}]},{\"@type\":\"WebSite\",\"@id\":\"https:\\\/\\\/mindtime.ro\\\/#website\",\"url\":\"https:\\\/\\\/mindtime.ro\\\/\",\"name\":\"Mind Time\",\"description\":\"Relaxeaza-ti mintea !\",\"potentialAction\":[{\"@type\":\"SearchAction\",\"target\":{\"@type\":\"EntryPoint\",\"urlTemplate\":\"https:\\\/\\\/mindtime.ro\\\/?s={search_term_string}\"},\"query-input\":{\"@type\":\"PropertyValueSpecification\",\"valueRequired\":true,\"valueName\":\"search_term_string\"}}],\"inLanguage\":\"ro-RO\"},{\"@type\":\"Person\",\"@id\":\"https:\\\/\\\/mindtime.ro\\\/#\\\/schema\\\/person\\\/6efe0e4bfa5462ebd155232d6cc887a2\",\"name\":\"LaneyC\",\"image\":{\"@type\":\"ImageObject\",\"inLanguage\":\"ro-RO\",\"@id\":\"https:\\\/\\\/secure.gravatar.com\\\/avatar\\\/788abfddfb766c27a3406096a0f747b84cea126b13e84ba5cb61a96666f64663?s=96&d=mm&r=g\",\"url\":\"https:\\\/\\\/secure.gravatar.com\\\/avatar\\\/788abfddfb766c27a3406096a0f747b84cea126b13e84ba5cb61a96666f64663?s=96&d=mm&r=g\",\"contentUrl\":\"https:\\\/\\\/secure.gravatar.com\\\/avatar\\\/788abfddfb766c27a3406096a0f747b84cea126b13e84ba5cb61a96666f64663?s=96&d=mm&r=g\",\"caption\":\"LaneyC\"},\"sameAs\":[\"https:\\\/\\\/mindtime.ro\"],\"url\":\"https:\\\/\\\/mindtime.ro\\\/index.php\\\/author\\\/admin-2\\\/\"}]}<\/script>\n<!-- \/ Yoast SEO plugin. -->","yoast_head_json":{"title":"7 iunie, Ziua\u00a0Mondial\u0103 a Siguran\u021bei Alimentare - Mind Time","description":"Pe\u00a07 iunie\u00a0s\u0103rb\u0103torim\u00a0Ziua\u00a0Mondial\u0103 a Siguran\u021bei Alimentare, zi ce a fost adoptat\u0103 de Adunarea General\u0103 a ONU \u00een anul 2018.","robots":{"index":"index","follow":"follow","max-snippet":"max-snippet:-1","max-image-preview":"max-image-preview:large","max-video-preview":"max-video-preview:-1"},"canonical":"https:\/\/mindtime.ro\/index.php\/2023\/06\/06\/7-iunie-ziua-mondiala-a-sigurantei-alimentare\/","og_locale":"ro_RO","og_type":"article","og_title":"7 iunie, Ziua\u00a0Mondial\u0103 a Siguran\u021bei Alimentare - Mind Time","og_description":"Pe\u00a07 iunie\u00a0s\u0103rb\u0103torim\u00a0Ziua\u00a0Mondial\u0103 a Siguran\u021bei Alimentare, zi ce a fost adoptat\u0103 de Adunarea General\u0103 a ONU \u00een anul 2018.","og_url":"https:\/\/mindtime.ro\/index.php\/2023\/06\/06\/7-iunie-ziua-mondiala-a-sigurantei-alimentare\/","og_site_name":"Mind Time","article_published_time":"2023-06-06T10:12:50+00:00","article_modified_time":"2023-06-06T10:12:51+00:00","og_image":[{"width":400,"height":267,"url":"https:\/\/mindtime.ro\/wp-content\/uploads\/2023\/06\/cook-2364221_640-e1686046324588.jpg","type":"image\/jpeg"}],"author":"LaneyC","twitter_card":"summary_large_image","twitter_misc":{"Scris de":"LaneyC","Timp estimat pentru citire":"4 minute"},"schema":{"@context":"https:\/\/schema.org","@graph":[{"@type":"Article","@id":"https:\/\/mindtime.ro\/index.php\/2023\/06\/06\/7-iunie-ziua-mondiala-a-sigurantei-alimentare\/#article","isPartOf":{"@id":"https:\/\/mindtime.ro\/index.php\/2023\/06\/06\/7-iunie-ziua-mondiala-a-sigurantei-alimentare\/"},"author":{"name":"LaneyC","@id":"https:\/\/mindtime.ro\/#\/schema\/person\/6efe0e4bfa5462ebd155232d6cc887a2"},"headline":"7 iunie, Ziua\u00a0Mondial\u0103 a Siguran\u021bei Alimentare","datePublished":"2023-06-06T10:12:50+00:00","dateModified":"2023-06-06T10:12:51+00:00","mainEntityOfPage":{"@id":"https:\/\/mindtime.ro\/index.php\/2023\/06\/06\/7-iunie-ziua-mondiala-a-sigurantei-alimentare\/"},"wordCount":670,"commentCount":0,"image":{"@id":"https:\/\/mindtime.ro\/index.php\/2023\/06\/06\/7-iunie-ziua-mondiala-a-sigurantei-alimentare\/#primaryimage"},"thumbnailUrl":"https:\/\/mindtime.ro\/wp-content\/uploads\/2023\/06\/cook-2364221_640-e1686046324588.jpg","keywords":["7 iunie","Ziua salariului minim","Ziua sigurantei alimentare"],"articleSection":["Calendar"],"inLanguage":"ro-RO","potentialAction":[{"@type":"CommentAction","name":"Comment","target":["https:\/\/mindtime.ro\/index.php\/2023\/06\/06\/7-iunie-ziua-mondiala-a-sigurantei-alimentare\/#respond"]}]},{"@type":"WebPage","@id":"https:\/\/mindtime.ro\/index.php\/2023\/06\/06\/7-iunie-ziua-mondiala-a-sigurantei-alimentare\/","url":"https:\/\/mindtime.ro\/index.php\/2023\/06\/06\/7-iunie-ziua-mondiala-a-sigurantei-alimentare\/","name":"7 iunie, Ziua\u00a0Mondial\u0103 a Siguran\u021bei Alimentare - Mind Time","isPartOf":{"@id":"https:\/\/mindtime.ro\/#website"},"primaryImageOfPage":{"@id":"https:\/\/mindtime.ro\/index.php\/2023\/06\/06\/7-iunie-ziua-mondiala-a-sigurantei-alimentare\/#primaryimage"},"image":{"@id":"https:\/\/mindtime.ro\/index.php\/2023\/06\/06\/7-iunie-ziua-mondiala-a-sigurantei-alimentare\/#primaryimage"},"thumbnailUrl":"https:\/\/mindtime.ro\/wp-content\/uploads\/2023\/06\/cook-2364221_640-e1686046324588.jpg","datePublished":"2023-06-06T10:12:50+00:00","dateModified":"2023-06-06T10:12:51+00:00","author":{"@id":"https:\/\/mindtime.ro\/#\/schema\/person\/6efe0e4bfa5462ebd155232d6cc887a2"},"description":"Pe\u00a07 iunie\u00a0s\u0103rb\u0103torim\u00a0Ziua\u00a0Mondial\u0103 a Siguran\u021bei Alimentare, zi ce a fost adoptat\u0103 de Adunarea General\u0103 a ONU \u00een anul 2018.","breadcrumb":{"@id":"https:\/\/mindtime.ro\/index.php\/2023\/06\/06\/7-iunie-ziua-mondiala-a-sigurantei-alimentare\/#breadcrumb"},"inLanguage":"ro-RO","potentialAction":[{"@type":"ReadAction","target":["https:\/\/mindtime.ro\/index.php\/2023\/06\/06\/7-iunie-ziua-mondiala-a-sigurantei-alimentare\/"]}]},{"@type":"ImageObject","inLanguage":"ro-RO","@id":"https:\/\/mindtime.ro\/index.php\/2023\/06\/06\/7-iunie-ziua-mondiala-a-sigurantei-alimentare\/#primaryimage","url":"https:\/\/mindtime.ro\/wp-content\/uploads\/2023\/06\/cook-2364221_640-e1686046324588.jpg","contentUrl":"https:\/\/mindtime.ro\/wp-content\/uploads\/2023\/06\/cook-2364221_640-e1686046324588.jpg","width":400,"height":267},{"@type":"BreadcrumbList","@id":"https:\/\/mindtime.ro\/index.php\/2023\/06\/06\/7-iunie-ziua-mondiala-a-sigurantei-alimentare\/#breadcrumb","itemListElement":[{"@type":"ListItem","position":1,"name":"Prima pagin\u0103","item":"https:\/\/mindtime.ro\/"},{"@type":"ListItem","position":2,"name":"7 iunie, Ziua\u00a0Mondial\u0103 a Siguran\u021bei Alimentare"}]},{"@type":"WebSite","@id":"https:\/\/mindtime.ro\/#website","url":"https:\/\/mindtime.ro\/","name":"Mind Time","description":"Relaxeaza-ti mintea !","potentialAction":[{"@type":"SearchAction","target":{"@type":"EntryPoint","urlTemplate":"https:\/\/mindtime.ro\/?s={search_term_string}"},"query-input":{"@type":"PropertyValueSpecification","valueRequired":true,"valueName":"search_term_string"}}],"inLanguage":"ro-RO"},{"@type":"Person","@id":"https:\/\/mindtime.ro\/#\/schema\/person\/6efe0e4bfa5462ebd155232d6cc887a2","name":"LaneyC","image":{"@type":"ImageObject","inLanguage":"ro-RO","@id":"https:\/\/secure.gravatar.com\/avatar\/788abfddfb766c27a3406096a0f747b84cea126b13e84ba5cb61a96666f64663?s=96&d=mm&r=g","url":"https:\/\/secure.gravatar.com\/avatar\/788abfddfb766c27a3406096a0f747b84cea126b13e84ba5cb61a96666f64663?s=96&d=mm&r=g","contentUrl":"https:\/\/secure.gravatar.com\/avatar\/788abfddfb766c27a3406096a0f747b84cea126b13e84ba5cb61a96666f64663?s=96&d=mm&r=g","caption":"LaneyC"},"sameAs":["https:\/\/mindtime.ro"],"url":"https:\/\/mindtime.ro\/index.php\/author\/admin-2\/"}]}},"_links":{"self":[{"href":"https:\/\/mindtime.ro\/index.php\/wp-json\/wp\/v2\/posts\/1526","targetHints":{"allow":["GET"]}}],"collection":[{"href":"https:\/\/mindtime.ro\/index.php\/wp-json\/wp\/v2\/posts"}],"about":[{"href":"https:\/\/mindtime.ro\/index.php\/wp-json\/wp\/v2\/types\/post"}],"author":[{"embeddable":true,"href":"https:\/\/mindtime.ro\/index.php\/wp-json\/wp\/v2\/users\/3"}],"replies":[{"embeddable":true,"href":"https:\/\/mindtime.ro\/index.php\/wp-json\/wp\/v2\/comments?post=1526"}],"version-history":[{"count":5,"href":"https:\/\/mindtime.ro\/index.php\/wp-json\/wp\/v2\/posts\/1526\/revisions"}],"predecessor-version":[{"id":1532,"href":"https:\/\/mindtime.ro\/index.php\/wp-json\/wp\/v2\/posts\/1526\/revisions\/1532"}],"wp:featuredmedia":[{"embeddable":true,"href":"https:\/\/mindtime.ro\/index.php\/wp-json\/wp\/v2\/media\/1531"}],"wp:attachment":[{"href":"https:\/\/mindtime.ro\/index.php\/wp-json\/wp\/v2\/media?parent=1526"}],"wp:term":[{"taxonomy":"category","embeddable":true,"href":"https:\/\/mindtime.ro\/index.php\/wp-json\/wp\/v2\/categories?post=1526"},{"taxonomy":"post_tag","embeddable":true,"href":"https:\/\/mindtime.ro\/index.php\/wp-json\/wp\/v2\/tags?post=1526"}],"curies":[{"name":"wp","href":"https:\/\/api.w.org\/{rel}","templated":true}]}}