{"id":1392,"date":"2023-04-26T12:28:48","date_gmt":"2023-04-26T10:28:48","guid":{"rendered":"https:\/\/mindtime.ro\/?p=1392"},"modified":"2023-04-26T12:28:49","modified_gmt":"2023-04-26T10:28:49","slug":"26-aprilie-ziua-mondiala-a-proprietatii-intelectuale","status":"publish","type":"post","link":"https:\/\/mindtime.ro\/index.php\/2023\/04\/26\/26-aprilie-ziua-mondiala-a-proprietatii-intelectuale\/","title":{"rendered":"26 aprilie: Ziua Mondial\u0103 a Propriet\u0103\u021bii Intelectuale"},"content":{"rendered":"\n<p>Ziua Mondial\u0103 a Propriet\u0103\u021bii Intelectuale este s\u0103rb\u0103torit\u0103 \u00een fiecare an pe data de 26 aprilie, \u00eencep\u00e2nd din anul 2000. Aceast\u0103 zi a fost stabilit\u0103 de Organiza\u021bia Mondial\u0103 a Propriet\u0103\u021bii Intelectuale (OMPI) pentru a cre\u0219te gradul de con\u0219tientizare asupra importan\u021bei propriet\u0103\u021bii intelectuale \u0219i a drepturilor de autor, precum \u0219i pentru a promova inova\u021bia \u0219i creativitatea \u00een \u00eentreaga lume.<\/p>\n\n\n\n<p>Tema pentru Ziua Mondial\u0103 a Propriet\u0103\u021bii Intelectuale este selectat\u0103 de c\u0103tre OMPI \u0219i este diferit\u0103 \u00een fiecare an, pentru a eviden\u021bia diverse aspecte ale propriet\u0103\u021bii intelectuale. De exemplu, tema pentru Ziua Mondial\u0103 a Propriet\u0103\u021bii Intelectuale din 2022 a fost &#8222;Arta \u0219i proprietatea intelectual\u0103: de la idei la inova\u021bie&#8221;, eviden\u021biind rolul artei \u00een promovarea creativit\u0103\u021bii \u0219i inova\u021biei.<\/p>\n\n\n\n<p id=\"tw-target-text\">Organiza\u021bia Mondial\u0103 a Propriet\u0103\u021bii Intelectuale (OMPI) este forumul global pentru servicii, politici, informa\u021bii \u0219i cooperare privind proprietatea intelectual\u0103 (PI). Suntem o agen\u021bie de autofinan\u021bare a Na\u021biunilor Unite, cu 193 de state membre.<\/p>\n\n\n\n<p><a href=\"https:\/\/www.wipo.int\/portal\/en\/index.html\">https:\/\/www.wipo.int\/portal\/en\/index.html<\/a><\/p>\n\n\n\n<p>Aceast\u0103 zi reprezint\u0103 o oportunitate pentru indivizi, companii \u0219i organiza\u021bii de a reflecta asupra modului \u00een care proprietatea intelectual\u0103 \u0219i drepturile de autor afecteaz\u0103 munca lor \u0219i de a \u00eemp\u0103rt\u0103\u0219i cuno\u0219tin\u021bele \u0219i experien\u021bele lor cu al\u021bii.    <a href=\"https:\/\/www.wipo.int\/ip-outreach\/en\/ipday\/\">https:\/\/www.wipo.int\/ip-outreach\/en\/ipday\/<\/a><\/p>\n\n\n\n<p>Pentru anul 2023 a fost aleasa tema: <strong>Ziua Mondial\u0103<\/strong>\u00a0a Propriet\u0103\u021bii\u00a0<strong>Intelectuale 2023<\/strong>\u00a0\u2013 \u201e Femeia \u0219i\u00a0<strong>proprietatea<\/strong>\u00a0intelectual\u0103 : accelerarea inov\u0103rii \u0219i creativit\u0103\u021bii \u201d.<\/p>\n\n\n\n<figure class=\"wp-block-embed is-type-video is-provider-youtube wp-block-embed-youtube wp-embed-aspect-16-9 wp-has-aspect-ratio\"><div class=\"wp-block-embed__wrapper\">\n<iframe loading=\"lazy\" title=\"26 Aprilie Ziua Mondial\u0103 a Propriet\u0103\u021bii Intelectuale - Fii original!\" width=\"847\" height=\"476\" src=\"https:\/\/www.youtube.com\/embed\/0n2Y9mgg7aM?feature=oembed\" frameborder=\"0\" allow=\"accelerometer; autoplay; clipboard-write; encrypted-media; gyroscope; picture-in-picture; web-share\" allowfullscreen><\/iframe>\n<\/div><\/figure>\n\n\n\n<h5 class=\"wp-block-heading\">Proprietatea intelectual\u0103 (PI) este un termen folosit pentru a descrie drepturile legale asupra propriet\u0103\u021bii intelectuale, care include o gam\u0103 larg\u0103 de lucruri, cum ar fi inven\u021bii, crea\u021bii literare \u0219i artistice, m\u0103rci comerciale, design-uri \u0219i drepturi de autor.<\/h5>\n\n\n\n<p>Mai exact, proprietatea intelectual\u0103 poate fi \u00eemp\u0103r\u021bit\u0103 \u00een patru categorii principale:<\/p>\n\n\n\n<ol class=\"wp-block-list\">\n<li>Drepturile de autor: Acestea sunt drepturile care protejeaz\u0103 lucr\u0103rile literare \u0219i artistice, cum ar fi c\u0103r\u021bi, muzic\u0103, filme, software \u0219i alte crea\u021bii. De\u021bin\u0103torul drepturilor de autor are dreptul exclusiv de a decide cum s\u0103 utilizeze lucrarea, de a face copii \u0219i de a distribui aceste copii.<\/li>\n\n\n\n<li>M\u0103rci comerciale: Acestea sunt drepturile care protejeaz\u0103 numele, simbolurile sau alte identificatoare utilizate pentru a distinge produsele sau serviciile unei companii de cele ale altor companii. De\u021bin\u0103torul unei m\u0103rci comerciale are dreptul exclusiv de a utiliza marca \u0219i de a \u00eempiedica alte companii de a utiliza o marc\u0103 similar\u0103 sau confuz\u0103.<\/li>\n\n\n\n<li>Brevete: Acestea sunt drepturile care protejeaz\u0103 inven\u021biile \u0219i inova\u021biile tehnologice. De\u021bin\u0103torul unui brevet are dreptul exclusiv de a produce, de a vinde sau de a utiliza inven\u021bia timp de o perioad\u0103 limitat\u0103 de timp.<\/li>\n\n\n\n<li>Design-uri industriale: Acestea sunt drepturile care protejeaz\u0103 aspectul \u0219i design-ul produselor, cum ar fi mobilierul, ma\u0219inile, juc\u0103riile \u0219i alte obiecte de uz casnic. De\u021bin\u0103torul drepturilor de design are dreptul exclusiv de a produce \u0219i de a vinde produse care au acela\u0219i aspect \u0219i design.<\/li>\n<\/ol>\n\n\n\n<p>\u00cen general, proprietatea intelectual\u0103 este important\u0103 pentru a proteja investi\u021biile \u0219i eforturile persoanelor \u0219i companiilor \u00een crea\u021bia \u0219i inovarea de noi produse, tehnologii \u0219i servicii. De asemenea, ajut\u0103 la promovarea concuren\u021bei loiale \u0219i la protejarea consumatorilor de produse contraf\u0103cute \u0219i ineficiente.<\/p>\n\n\n\n<figure class=\"wp-block-image size-full is-resized\"><img loading=\"lazy\" decoding=\"async\" src=\"https:\/\/mindtime.ro\/wp-content\/uploads\/2023\/04\/idea-7167363_640.png\" alt=\"\" class=\"wp-image-1398\" width=\"832\" height=\"313\" srcset=\"https:\/\/mindtime.ro\/wp-content\/uploads\/2023\/04\/idea-7167363_640.png 640w, https:\/\/mindtime.ro\/wp-content\/uploads\/2023\/04\/idea-7167363_640-300x113.png 300w\" sizes=\"auto, (max-width: 832px) 100vw, 832px\" \/><\/figure>\n\n\n\n<h2 class=\"wp-block-heading\">26 aprilie: De amintit<\/h2>\n\n\n\n<p><strong>1564:<\/strong> Se naste, William Shakespeare, dramaturg, poet \u0219i actor englez.<br><strong>1775:<\/strong> \u00cen urma conven\u021biei \u00eencheiate \u00eentre Imperiul Otoman \u0219i Austria, Bucovina intr\u0103 \u00een componen\u021ba Imperiului Habsburgic.<\/p>\n\n\n\n<p><strong>1798:<\/strong> Se naste, Eug\u00e8ne Delacroix, pictor francez.<br><strong>1877: <\/strong>Ca urmare a bombard\u0103rii ora\u0219elor rom\u00e2ne\u0219ti de la Dun\u0103re de c\u0103tre artileria turc\u0103, armata rom\u00e2n\u0103 deschide focul asupra Vidinului.<br><strong>1902<\/strong>: S\u2013a \u00eenfiin\u021bat &#8222;Fotbal Club Timi\u0219oara&#8221;. Peste c\u00e2\u021biva ani se va transforma \u00een Clubul Atletic Timi\u0219oara.<br><strong>1913<\/strong>: A fost semnat, la Petersburg, un protocol prin care Bulgaria a cedat Rom\u00e2niei ora\u0219ul Silistra \u0219i c\u00e2teva mici teritorii \u00een sudul Dobrogei (26 aprile\/9 mai).<br><strong>1920<\/strong>: La Cluj este \u00eenfiin\u021bat primul institut speologic din lume.<\/p>\n\n\n\n<p><strong>1922<\/strong>: Se naste, \u0218tefan Augustin Doina\u0219, poet, membru al Academiei Rom\u00e2ne, pre\u0219edinte de onoare al Uniunii Scriitorilor.<br><strong>1933<\/strong>: S-a \u00eenfiin\u021bat Gestapo, poli\u021bia secret\u0103 a Germaniei naziste.<br><strong>1937<\/strong>: R\u0103zboiul Civil Spaniol: Bombardarea ora\u0219ului Guernica de c\u0103tre avia\u021bia german\u0103.<br><strong>1945<\/strong>: A fost adoptat\u0103 Carta Na\u021biunilor Unite (a intrat \u00een vigoare la 24 octombrie 1945).<\/p>\n\n\n\n<p><strong>1963:<\/strong> Moare, Vasile Voiculescu, poet, prozator \u0219i dramaturg rom\u00e2n.<br><strong>1976: <\/strong>Decernarea premiului &#8222;Pomme d&#8217;or&#8221; al Federa\u021biei interna\u021bionale a ziari\u0219tilor \u0219i scriitorilor de turism (FIJET), zonei turistice Bucovina din Rom\u00e2nia.<br><strong>1986:<\/strong> S\u2013a produs accidentul de la centrala nuclear\u0103 de la Cernob\u00eel, aflat\u0103 la 200 km de Kiev.<br><strong>1992<\/strong>: Regele Mihai efectueaz\u0103 prima vizit\u0103 \u00een Rom\u00e2nia dup\u0103 1989; a fost primit cu entuziasm la Bucure\u0219ti.<br><strong>1993:<\/strong> Curtea Constitu\u021bional\u0103 a decis c\u0103 Academia Rom\u00e2n\u0103 are competen\u021ba de a stabili normele ortografice ale limbii rom\u00e2ne. Are loc revenirea la grafia cu litera \u201e\u00e2\u201d \u00een loc de \u201e\u00ee\u201d, \u00een anumite pozi\u021bii din cuv\u00e2nt \u0219i la scrierea cu \u201esunt\u201d, \u201esuntem\u201d, sunte\u021bi\u201d \u00een loc de \u201es\u00eent, s\u00eentem, s\u00eente\u021bi\u201d.<br><strong>2005<\/strong>: R\u0103pitorii celor trei jurnali\u0219ti rom\u00e2ni au prelungit p\u00een\u0103 pe 27 aprilie, la ora 18.00, ultimatumul dat autorit\u0103\u021bilor rom\u00e2ne cu privire la retragerea trupelor din Irak.<\/p>\n\n\n\n<p class=\"has-text-align-right has-black-color has-text-color has-background\" style=\"background:linear-gradient(135deg,rgb(6,147,227) 0%,rgb(234,222,222) 59%,rgb(155,81,224) 100%)\"><a href=\"http:\/\/radio.enjoychat.net:8024\/\">http:\/\/radio.enjoychat.net:8024\/<\/a>    by LaneyC<\/p>\n","protected":false},"excerpt":{"rendered":"<p>Ziua Mondial\u0103 a Propriet\u0103\u021bii Intelectuale este s\u0103rb\u0103torit\u0103 \u00een fiecare an pe data de 26 aprilie, \u00eencep\u00e2nd din anul 2000. Aceast\u0103 zi a fost stabilit\u0103 de Organiza\u021bia Mondial\u0103 a Propriet\u0103\u021bii Intelectuale (OMPI) pentru a cre\u0219te gradul de con\u0219tientizare asupra importan\u021bei propriet\u0103\u021bii intelectuale \u0219i a drepturilor de autor, precum \u0219i pentru a promova inova\u021bia \u0219i creativitatea \u00een &hellip; <a href=\"https:\/\/mindtime.ro\/index.php\/2023\/04\/26\/26-aprilie-ziua-mondiala-a-proprietatii-intelectuale\/\" class=\"more-link\">Continue reading <span class=\"screen-reader-text\">26 aprilie: Ziua Mondial\u0103 a Propriet\u0103\u021bii Intelectuale<\/span><\/a><\/p>\n","protected":false},"author":3,"featured_media":1400,"comment_status":"open","ping_status":"open","sticky":true,"template":"","format":"standard","meta":{"footnotes":""},"categories":[10],"tags":[220,221,222,219],"class_list":["post-1392","post","type-post","status-publish","format-standard","has-post-thumbnail","hentry","category-calendar","tag-26-aprilie","tag-drept-de-autor","tag-marca-inregistrata","tag-proprietate-intelectuala"],"yoast_head":"<!-- This site is optimized with the Yoast SEO plugin v27.5 - https:\/\/yoast.com\/product\/yoast-seo-wordpress\/ -->\n<title>26 aprilie: Ziua Mondial\u0103 a Propriet\u0103\u021bii Intelectuale - Mind Time<\/title>\n<meta name=\"description\" content=\"26 aprilie: Ziua Mondial\u0103 a Propriet\u0103\u021bii Intelectuale\" \/>\n<meta name=\"robots\" content=\"index, follow, max-snippet:-1, max-image-preview:large, max-video-preview:-1\" \/>\n<link rel=\"canonical\" href=\"https:\/\/mindtime.ro\/index.php\/2023\/04\/26\/26-aprilie-ziua-mondiala-a-proprietatii-intelectuale\/\" \/>\n<meta property=\"og:locale\" content=\"ro_RO\" \/>\n<meta property=\"og:type\" content=\"article\" \/>\n<meta property=\"og:title\" content=\"26 aprilie: Ziua Mondial\u0103 a Propriet\u0103\u021bii Intelectuale - Mind Time\" \/>\n<meta property=\"og:description\" content=\"26 aprilie: Ziua Mondial\u0103 a Propriet\u0103\u021bii Intelectuale\" \/>\n<meta property=\"og:url\" content=\"https:\/\/mindtime.ro\/index.php\/2023\/04\/26\/26-aprilie-ziua-mondiala-a-proprietatii-intelectuale\/\" \/>\n<meta property=\"og:site_name\" content=\"Mind Time\" \/>\n<meta property=\"article:published_time\" content=\"2023-04-26T10:28:48+00:00\" \/>\n<meta property=\"article:modified_time\" content=\"2023-04-26T10:28:49+00:00\" \/>\n<meta property=\"og:image\" content=\"https:\/\/mindtime.ro\/wp-content\/uploads\/2023\/04\/lock-6806514_640-e1682504879351.png\" \/>\n\t<meta property=\"og:image:width\" content=\"400\" \/>\n\t<meta property=\"og:image:height\" content=\"286\" \/>\n\t<meta property=\"og:image:type\" content=\"image\/png\" \/>\n<meta name=\"author\" content=\"LaneyC\" \/>\n<meta name=\"twitter:card\" content=\"summary_large_image\" \/>\n<meta name=\"twitter:label1\" content=\"Scris de\" \/>\n\t<meta name=\"twitter:data1\" content=\"LaneyC\" \/>\n\t<meta name=\"twitter:label2\" content=\"Timp estimat pentru citire\" \/>\n\t<meta name=\"twitter:data2\" content=\"5 minute\" \/>\n<script type=\"application\/ld+json\" class=\"yoast-schema-graph\">{\"@context\":\"https:\\\/\\\/schema.org\",\"@graph\":[{\"@type\":\"Article\",\"@id\":\"https:\\\/\\\/mindtime.ro\\\/index.php\\\/2023\\\/04\\\/26\\\/26-aprilie-ziua-mondiala-a-proprietatii-intelectuale\\\/#article\",\"isPartOf\":{\"@id\":\"https:\\\/\\\/mindtime.ro\\\/index.php\\\/2023\\\/04\\\/26\\\/26-aprilie-ziua-mondiala-a-proprietatii-intelectuale\\\/\"},\"author\":{\"name\":\"LaneyC\",\"@id\":\"https:\\\/\\\/mindtime.ro\\\/#\\\/schema\\\/person\\\/6efe0e4bfa5462ebd155232d6cc887a2\"},\"headline\":\"26 aprilie: Ziua Mondial\u0103 a Propriet\u0103\u021bii Intelectuale\",\"datePublished\":\"2023-04-26T10:28:48+00:00\",\"dateModified\":\"2023-04-26T10:28:49+00:00\",\"mainEntityOfPage\":{\"@id\":\"https:\\\/\\\/mindtime.ro\\\/index.php\\\/2023\\\/04\\\/26\\\/26-aprilie-ziua-mondiala-a-proprietatii-intelectuale\\\/\"},\"wordCount\":889,\"commentCount\":0,\"image\":{\"@id\":\"https:\\\/\\\/mindtime.ro\\\/index.php\\\/2023\\\/04\\\/26\\\/26-aprilie-ziua-mondiala-a-proprietatii-intelectuale\\\/#primaryimage\"},\"thumbnailUrl\":\"https:\\\/\\\/mindtime.ro\\\/wp-content\\\/uploads\\\/2023\\\/04\\\/lock-6806514_640-e1682504879351.png\",\"keywords\":[\"26 aprilie\",\"drept de autor\",\"marca inregistrata\",\"Proprietate intelectuala\"],\"articleSection\":[\"Calendar\"],\"inLanguage\":\"ro-RO\",\"potentialAction\":[{\"@type\":\"CommentAction\",\"name\":\"Comment\",\"target\":[\"https:\\\/\\\/mindtime.ro\\\/index.php\\\/2023\\\/04\\\/26\\\/26-aprilie-ziua-mondiala-a-proprietatii-intelectuale\\\/#respond\"]}]},{\"@type\":\"WebPage\",\"@id\":\"https:\\\/\\\/mindtime.ro\\\/index.php\\\/2023\\\/04\\\/26\\\/26-aprilie-ziua-mondiala-a-proprietatii-intelectuale\\\/\",\"url\":\"https:\\\/\\\/mindtime.ro\\\/index.php\\\/2023\\\/04\\\/26\\\/26-aprilie-ziua-mondiala-a-proprietatii-intelectuale\\\/\",\"name\":\"26 aprilie: Ziua Mondial\u0103 a Propriet\u0103\u021bii Intelectuale - Mind Time\",\"isPartOf\":{\"@id\":\"https:\\\/\\\/mindtime.ro\\\/#website\"},\"primaryImageOfPage\":{\"@id\":\"https:\\\/\\\/mindtime.ro\\\/index.php\\\/2023\\\/04\\\/26\\\/26-aprilie-ziua-mondiala-a-proprietatii-intelectuale\\\/#primaryimage\"},\"image\":{\"@id\":\"https:\\\/\\\/mindtime.ro\\\/index.php\\\/2023\\\/04\\\/26\\\/26-aprilie-ziua-mondiala-a-proprietatii-intelectuale\\\/#primaryimage\"},\"thumbnailUrl\":\"https:\\\/\\\/mindtime.ro\\\/wp-content\\\/uploads\\\/2023\\\/04\\\/lock-6806514_640-e1682504879351.png\",\"datePublished\":\"2023-04-26T10:28:48+00:00\",\"dateModified\":\"2023-04-26T10:28:49+00:00\",\"author\":{\"@id\":\"https:\\\/\\\/mindtime.ro\\\/#\\\/schema\\\/person\\\/6efe0e4bfa5462ebd155232d6cc887a2\"},\"description\":\"26 aprilie: Ziua Mondial\u0103 a Propriet\u0103\u021bii Intelectuale\",\"breadcrumb\":{\"@id\":\"https:\\\/\\\/mindtime.ro\\\/index.php\\\/2023\\\/04\\\/26\\\/26-aprilie-ziua-mondiala-a-proprietatii-intelectuale\\\/#breadcrumb\"},\"inLanguage\":\"ro-RO\",\"potentialAction\":[{\"@type\":\"ReadAction\",\"target\":[\"https:\\\/\\\/mindtime.ro\\\/index.php\\\/2023\\\/04\\\/26\\\/26-aprilie-ziua-mondiala-a-proprietatii-intelectuale\\\/\"]}]},{\"@type\":\"ImageObject\",\"inLanguage\":\"ro-RO\",\"@id\":\"https:\\\/\\\/mindtime.ro\\\/index.php\\\/2023\\\/04\\\/26\\\/26-aprilie-ziua-mondiala-a-proprietatii-intelectuale\\\/#primaryimage\",\"url\":\"https:\\\/\\\/mindtime.ro\\\/wp-content\\\/uploads\\\/2023\\\/04\\\/lock-6806514_640-e1682504879351.png\",\"contentUrl\":\"https:\\\/\\\/mindtime.ro\\\/wp-content\\\/uploads\\\/2023\\\/04\\\/lock-6806514_640-e1682504879351.png\",\"width\":400,\"height\":286},{\"@type\":\"BreadcrumbList\",\"@id\":\"https:\\\/\\\/mindtime.ro\\\/index.php\\\/2023\\\/04\\\/26\\\/26-aprilie-ziua-mondiala-a-proprietatii-intelectuale\\\/#breadcrumb\",\"itemListElement\":[{\"@type\":\"ListItem\",\"position\":1,\"name\":\"Prima pagin\u0103\",\"item\":\"https:\\\/\\\/mindtime.ro\\\/\"},{\"@type\":\"ListItem\",\"position\":2,\"name\":\"26 aprilie: Ziua Mondial\u0103 a Propriet\u0103\u021bii Intelectuale\"}]},{\"@type\":\"WebSite\",\"@id\":\"https:\\\/\\\/mindtime.ro\\\/#website\",\"url\":\"https:\\\/\\\/mindtime.ro\\\/\",\"name\":\"Mind Time\",\"description\":\"Relaxeaza-ti mintea !\",\"potentialAction\":[{\"@type\":\"SearchAction\",\"target\":{\"@type\":\"EntryPoint\",\"urlTemplate\":\"https:\\\/\\\/mindtime.ro\\\/?s={search_term_string}\"},\"query-input\":{\"@type\":\"PropertyValueSpecification\",\"valueRequired\":true,\"valueName\":\"search_term_string\"}}],\"inLanguage\":\"ro-RO\"},{\"@type\":\"Person\",\"@id\":\"https:\\\/\\\/mindtime.ro\\\/#\\\/schema\\\/person\\\/6efe0e4bfa5462ebd155232d6cc887a2\",\"name\":\"LaneyC\",\"image\":{\"@type\":\"ImageObject\",\"inLanguage\":\"ro-RO\",\"@id\":\"https:\\\/\\\/secure.gravatar.com\\\/avatar\\\/788abfddfb766c27a3406096a0f747b84cea126b13e84ba5cb61a96666f64663?s=96&d=mm&r=g\",\"url\":\"https:\\\/\\\/secure.gravatar.com\\\/avatar\\\/788abfddfb766c27a3406096a0f747b84cea126b13e84ba5cb61a96666f64663?s=96&d=mm&r=g\",\"contentUrl\":\"https:\\\/\\\/secure.gravatar.com\\\/avatar\\\/788abfddfb766c27a3406096a0f747b84cea126b13e84ba5cb61a96666f64663?s=96&d=mm&r=g\",\"caption\":\"LaneyC\"},\"sameAs\":[\"https:\\\/\\\/mindtime.ro\"],\"url\":\"https:\\\/\\\/mindtime.ro\\\/index.php\\\/author\\\/admin-2\\\/\"}]}<\/script>\n<!-- \/ Yoast SEO plugin. -->","yoast_head_json":{"title":"26 aprilie: Ziua Mondial\u0103 a Propriet\u0103\u021bii Intelectuale - Mind Time","description":"26 aprilie: Ziua Mondial\u0103 a Propriet\u0103\u021bii Intelectuale","robots":{"index":"index","follow":"follow","max-snippet":"max-snippet:-1","max-image-preview":"max-image-preview:large","max-video-preview":"max-video-preview:-1"},"canonical":"https:\/\/mindtime.ro\/index.php\/2023\/04\/26\/26-aprilie-ziua-mondiala-a-proprietatii-intelectuale\/","og_locale":"ro_RO","og_type":"article","og_title":"26 aprilie: Ziua Mondial\u0103 a Propriet\u0103\u021bii Intelectuale - Mind Time","og_description":"26 aprilie: Ziua Mondial\u0103 a Propriet\u0103\u021bii Intelectuale","og_url":"https:\/\/mindtime.ro\/index.php\/2023\/04\/26\/26-aprilie-ziua-mondiala-a-proprietatii-intelectuale\/","og_site_name":"Mind Time","article_published_time":"2023-04-26T10:28:48+00:00","article_modified_time":"2023-04-26T10:28:49+00:00","og_image":[{"width":400,"height":286,"url":"https:\/\/mindtime.ro\/wp-content\/uploads\/2023\/04\/lock-6806514_640-e1682504879351.png","type":"image\/png"}],"author":"LaneyC","twitter_card":"summary_large_image","twitter_misc":{"Scris de":"LaneyC","Timp estimat pentru citire":"5 minute"},"schema":{"@context":"https:\/\/schema.org","@graph":[{"@type":"Article","@id":"https:\/\/mindtime.ro\/index.php\/2023\/04\/26\/26-aprilie-ziua-mondiala-a-proprietatii-intelectuale\/#article","isPartOf":{"@id":"https:\/\/mindtime.ro\/index.php\/2023\/04\/26\/26-aprilie-ziua-mondiala-a-proprietatii-intelectuale\/"},"author":{"name":"LaneyC","@id":"https:\/\/mindtime.ro\/#\/schema\/person\/6efe0e4bfa5462ebd155232d6cc887a2"},"headline":"26 aprilie: Ziua Mondial\u0103 a Propriet\u0103\u021bii Intelectuale","datePublished":"2023-04-26T10:28:48+00:00","dateModified":"2023-04-26T10:28:49+00:00","mainEntityOfPage":{"@id":"https:\/\/mindtime.ro\/index.php\/2023\/04\/26\/26-aprilie-ziua-mondiala-a-proprietatii-intelectuale\/"},"wordCount":889,"commentCount":0,"image":{"@id":"https:\/\/mindtime.ro\/index.php\/2023\/04\/26\/26-aprilie-ziua-mondiala-a-proprietatii-intelectuale\/#primaryimage"},"thumbnailUrl":"https:\/\/mindtime.ro\/wp-content\/uploads\/2023\/04\/lock-6806514_640-e1682504879351.png","keywords":["26 aprilie","drept de autor","marca inregistrata","Proprietate intelectuala"],"articleSection":["Calendar"],"inLanguage":"ro-RO","potentialAction":[{"@type":"CommentAction","name":"Comment","target":["https:\/\/mindtime.ro\/index.php\/2023\/04\/26\/26-aprilie-ziua-mondiala-a-proprietatii-intelectuale\/#respond"]}]},{"@type":"WebPage","@id":"https:\/\/mindtime.ro\/index.php\/2023\/04\/26\/26-aprilie-ziua-mondiala-a-proprietatii-intelectuale\/","url":"https:\/\/mindtime.ro\/index.php\/2023\/04\/26\/26-aprilie-ziua-mondiala-a-proprietatii-intelectuale\/","name":"26 aprilie: Ziua Mondial\u0103 a Propriet\u0103\u021bii Intelectuale - Mind Time","isPartOf":{"@id":"https:\/\/mindtime.ro\/#website"},"primaryImageOfPage":{"@id":"https:\/\/mindtime.ro\/index.php\/2023\/04\/26\/26-aprilie-ziua-mondiala-a-proprietatii-intelectuale\/#primaryimage"},"image":{"@id":"https:\/\/mindtime.ro\/index.php\/2023\/04\/26\/26-aprilie-ziua-mondiala-a-proprietatii-intelectuale\/#primaryimage"},"thumbnailUrl":"https:\/\/mindtime.ro\/wp-content\/uploads\/2023\/04\/lock-6806514_640-e1682504879351.png","datePublished":"2023-04-26T10:28:48+00:00","dateModified":"2023-04-26T10:28:49+00:00","author":{"@id":"https:\/\/mindtime.ro\/#\/schema\/person\/6efe0e4bfa5462ebd155232d6cc887a2"},"description":"26 aprilie: Ziua Mondial\u0103 a Propriet\u0103\u021bii Intelectuale","breadcrumb":{"@id":"https:\/\/mindtime.ro\/index.php\/2023\/04\/26\/26-aprilie-ziua-mondiala-a-proprietatii-intelectuale\/#breadcrumb"},"inLanguage":"ro-RO","potentialAction":[{"@type":"ReadAction","target":["https:\/\/mindtime.ro\/index.php\/2023\/04\/26\/26-aprilie-ziua-mondiala-a-proprietatii-intelectuale\/"]}]},{"@type":"ImageObject","inLanguage":"ro-RO","@id":"https:\/\/mindtime.ro\/index.php\/2023\/04\/26\/26-aprilie-ziua-mondiala-a-proprietatii-intelectuale\/#primaryimage","url":"https:\/\/mindtime.ro\/wp-content\/uploads\/2023\/04\/lock-6806514_640-e1682504879351.png","contentUrl":"https:\/\/mindtime.ro\/wp-content\/uploads\/2023\/04\/lock-6806514_640-e1682504879351.png","width":400,"height":286},{"@type":"BreadcrumbList","@id":"https:\/\/mindtime.ro\/index.php\/2023\/04\/26\/26-aprilie-ziua-mondiala-a-proprietatii-intelectuale\/#breadcrumb","itemListElement":[{"@type":"ListItem","position":1,"name":"Prima pagin\u0103","item":"https:\/\/mindtime.ro\/"},{"@type":"ListItem","position":2,"name":"26 aprilie: Ziua Mondial\u0103 a Propriet\u0103\u021bii Intelectuale"}]},{"@type":"WebSite","@id":"https:\/\/mindtime.ro\/#website","url":"https:\/\/mindtime.ro\/","name":"Mind Time","description":"Relaxeaza-ti mintea !","potentialAction":[{"@type":"SearchAction","target":{"@type":"EntryPoint","urlTemplate":"https:\/\/mindtime.ro\/?s={search_term_string}"},"query-input":{"@type":"PropertyValueSpecification","valueRequired":true,"valueName":"search_term_string"}}],"inLanguage":"ro-RO"},{"@type":"Person","@id":"https:\/\/mindtime.ro\/#\/schema\/person\/6efe0e4bfa5462ebd155232d6cc887a2","name":"LaneyC","image":{"@type":"ImageObject","inLanguage":"ro-RO","@id":"https:\/\/secure.gravatar.com\/avatar\/788abfddfb766c27a3406096a0f747b84cea126b13e84ba5cb61a96666f64663?s=96&d=mm&r=g","url":"https:\/\/secure.gravatar.com\/avatar\/788abfddfb766c27a3406096a0f747b84cea126b13e84ba5cb61a96666f64663?s=96&d=mm&r=g","contentUrl":"https:\/\/secure.gravatar.com\/avatar\/788abfddfb766c27a3406096a0f747b84cea126b13e84ba5cb61a96666f64663?s=96&d=mm&r=g","caption":"LaneyC"},"sameAs":["https:\/\/mindtime.ro"],"url":"https:\/\/mindtime.ro\/index.php\/author\/admin-2\/"}]}},"_links":{"self":[{"href":"https:\/\/mindtime.ro\/index.php\/wp-json\/wp\/v2\/posts\/1392","targetHints":{"allow":["GET"]}}],"collection":[{"href":"https:\/\/mindtime.ro\/index.php\/wp-json\/wp\/v2\/posts"}],"about":[{"href":"https:\/\/mindtime.ro\/index.php\/wp-json\/wp\/v2\/types\/post"}],"author":[{"embeddable":true,"href":"https:\/\/mindtime.ro\/index.php\/wp-json\/wp\/v2\/users\/3"}],"replies":[{"embeddable":true,"href":"https:\/\/mindtime.ro\/index.php\/wp-json\/wp\/v2\/comments?post=1392"}],"version-history":[{"count":6,"href":"https:\/\/mindtime.ro\/index.php\/wp-json\/wp\/v2\/posts\/1392\/revisions"}],"predecessor-version":[{"id":1399,"href":"https:\/\/mindtime.ro\/index.php\/wp-json\/wp\/v2\/posts\/1392\/revisions\/1399"}],"wp:featuredmedia":[{"embeddable":true,"href":"https:\/\/mindtime.ro\/index.php\/wp-json\/wp\/v2\/media\/1400"}],"wp:attachment":[{"href":"https:\/\/mindtime.ro\/index.php\/wp-json\/wp\/v2\/media?parent=1392"}],"wp:term":[{"taxonomy":"category","embeddable":true,"href":"https:\/\/mindtime.ro\/index.php\/wp-json\/wp\/v2\/categories?post=1392"},{"taxonomy":"post_tag","embeddable":true,"href":"https:\/\/mindtime.ro\/index.php\/wp-json\/wp\/v2\/tags?post=1392"}],"curies":[{"name":"wp","href":"https:\/\/api.w.org\/{rel}","templated":true}]}}